{"id":3228,"date":"2022-01-20T06:32:00","date_gmt":"2022-01-20T05:32:00","guid":{"rendered":"https:\/\/kastela.hr\/en\/2022\/01\/20\/petak-21-sijecnja-zadnji-dan-za-podnosenje-prijedloga-za-dodjelu-javnih-priznanja-grada-kastela-za-2021-godinu\/"},"modified":"2024-08-29T10:47:51","modified_gmt":"2024-08-29T08:47:51","slug":"petak-21-sijecnja-zadnji-dan-za-podnosenje-prijedloga-za-dodjelu-javnih-priznanja-grada-kastela-za-2021-godinu","status":"publish","type":"post","link":"https:\/\/kastela.hr\/en\/2022\/01\/20\/petak-21-sijecnja-zadnji-dan-za-podnosenje-prijedloga-za-dodjelu-javnih-priznanja-grada-kastela-za-2021-godinu\/","title":{"rendered":"Petak, 21. sije\u010dnja, zadnji dan za podno\u0161enje prijedloga za dodjelu javnih priznanja Grada Ka\u0161tela za 2021. godinu"},"content":{"rendered":"<p class=\"lo-normal\" style=\"margin-bottom:16px; text-align:justify\"><span style=\"background:white\">Komisija za dodjelu javnih priznanja,<b style=\"box-sizing:inherit\">&nbsp;<\/b>na temelju \u010dlanka 18. Odluke o javnim priznanjima Grada Ka\u0161tela (&ldquo;Slu\u017ebeni glasnik Grada Ka\u0161tela&rdquo;, broj 25\/21), na dan 29. prosinca 2021. g. objavljuje &nbsp;Javni poziv za podno\u0161enje prijedloga za dodjelu javnih priznanja Grada Ka\u0161tela za 2021. godinu.<\/span><\/p>\n<p class=\"MsoNoSpacing\" style=\"margin-bottom:16px; text-align:justify\"><span style=\"background:white\"><span style=\"box-sizing:inherit\"><span style=\"font-variant-ligatures:normal\"><span style=\"text-decoration-thickness:initial\"><span style=\"text-decoration-style:initial\"><span style=\"text-decoration-color:initial\">Gradsko vije\u0107e Grada Ka\u0161tela povodom Dana Grada Ka\u0161tela, 4. o\u017eujka, zaslu\u017enim pojedincima, pravnim osobama i udrugama dodjeljuje<b style=\"box-sizing:inherit\"><i style=\"box-sizing:inherit\">&nbsp;<\/i><\/b>javna priznanja:<\/span><\/span><\/span><\/span><\/span><\/span><\/p>\n<ul>\n<li class=\"MsoNoSpacing\" style=\"margin-left:55px; text-align:justify\"><span style=\"background:white\"><span style=\"tab-stops:list 36.0pt\">Nagrada Grada Ka\u0161tela za \u017eivotno djelo<\/span><\/span><\/li>\n<li class=\"MsoNoSpacing\" style=\"margin-left:55px; text-align:justify\"><span style=\"background:white\"><span style=\"tab-stops:list 36.0pt\">Godi\u0161nja nagrada Grada Ka\u0161tela, koja se dodjeljuje kao:<\/span><\/span><\/li>\n<\/ul>\n<p class=\"MsoNoSpacing\" style=\"margin-bottom:16px; margin-left:71px; text-align:justify\"><span style=\"background:white\"><span style=\"box-sizing:inherit\"><span style=\"font-variant-ligatures:normal\"><span style=\"text-decoration-thickness:initial\"><span style=\"text-decoration-style:initial\"><span style=\"text-decoration-color:initial\">&#8211; osobna nagrada, doma\u0107oj ili stranoj fizi\u010dkoj osobi<\/span><\/span><\/span><\/span><\/span><\/span><\/p>\n<p class=\"MsoNoSpacing\" style=\"margin-bottom:16px; margin-left:71px; text-align:justify\"><span style=\"background:white\"><span style=\"box-sizing:inherit\"><span style=\"font-variant-ligatures:normal\"><span style=\"text-decoration-thickness:initial\"><span style=\"text-decoration-style:initial\"><span style=\"text-decoration-color:initial\">&#8211; i kao skupna nagrada doma\u0107oj ili stranoj pravnoj osobi, udruzi gra\u0111ana ili udru\u017eenjima gra\u0111ana &nbsp;Grada Ka\u0161tela<\/span><\/span><\/span><\/span><\/span><\/span><\/p>\n<ul>\n<li class=\"MsoNoSpacing\" style=\"margin-left:55px; text-align:justify\"><span style=\"background:white\"><span style=\"tab-stops:list 36.0pt\">Progla\u0161enje po\u010dasnim gra\u0111aninom Grada Ka\u0161tela<\/span><\/span><\/li>\n<\/ul>\n<p class=\"MsoNoSpacing\" style=\"margin-bottom:16px; text-align:justify\"><span style=\"background:white\"><span style=\"box-sizing:inherit\"><span style=\"font-variant-ligatures:normal\"><span style=\"text-decoration-thickness:initial\"><span style=\"text-decoration-style:initial\"><span style=\"text-decoration-color:initial\">Pravo podno\u0161enja prijedloga za dodjelu Nagrada Grada Ka\u0161tela za \u017eivotno djelo i Godi\u0161nje nagrada Grada Ka\u0161tela ima najmanje jedna tre\u0107ina vije\u0107nika u Gradskom vije\u0107u, gradona\u010delnik, doma\u0107e pravne osobe, udruge gra\u0111ana, vije\u0107a mjesnih odbora i najmanje deset gra\u0111ana koji imaju prebivali\u0161te na podru\u010dju Grada Ka\u0161tela.<\/span><\/span><\/span><\/span><\/span><\/span><\/p>\n<p class=\"MsoNoSpacing\" style=\"margin-bottom:16px; text-align:justify\"><span style=\"background:white\"><span style=\"box-sizing:inherit\"><span style=\"font-variant-ligatures:normal\"><span style=\"text-decoration-thickness:initial\"><span style=\"text-decoration-style:initial\"><span style=\"text-decoration-color:initial\">Pravo podno\u0161enja prijedloga za progla\u0161enje Po\u010dasnim gra\u0111aninom&nbsp; ima gradona\u010delnik i najmanje jedna tre\u0107ina vije\u0107nika u Gradskom vije\u0107u.<\/span><\/span><\/span><\/span><\/span><\/span><\/p>\n<p class=\"MsoNoSpacing\" style=\"margin-bottom:16px; text-align:justify\"><span style=\"background:white\"><span style=\"box-sizing:inherit\"><span style=\"font-variant-ligatures:normal\"><span style=\"text-decoration-thickness:initial\"><span style=\"text-decoration-style:initial\"><span style=\"text-decoration-color:initial\">Prijedlog za dodjelu javnog priznanja Grada Ka\u0161tela podnosi se u pisanom obliku Komisiji za dodjelu javnih priznanja.<\/span><\/span><\/span><\/span><\/span><\/span><\/p>\n<p class=\"MsoNoSpacing\" style=\"margin-bottom:16px; text-align:justify\"><span style=\"background:white\"><span style=\"box-sizing:inherit\"><span style=\"font-variant-ligatures:normal\"><span style=\"text-decoration-thickness:initial\"><span style=\"text-decoration-style:initial\"><span style=\"text-decoration-color:initial\">Prijedlog za dodjelu javnog priznanja Grada Ka\u0161tela podnosi se na propisanom obrascu i obvezno sadr\u017ei sljede\u0107e podatke: ime i prezime odnosno naziv podnositelja prijedloga, prebivali\u0161te ili sjedi\u0161te podnositelja prijedloga, osobno ime ili naziv fizi\u010dke ili pravne osobe na koju se prijedlog odnosi, \u017eivotopis, odnosno osnovne podatke o pravnoj ili fizi\u010dkoj osobi i njenom poslovanju, naziv javnog priznanja i podru\u010dje za koje se podnosi prijedlog te iscrpno obrazlo\u017eenje prijedloga odnosno postignu\u0107a i doprinosa radi kojih se predla\u017ee dodjela javnog priznanja Grada Ka\u0161tela (najmanje na jednom listu papira veli\u010dine A4, i izjavu kandidata o prihva\u0107anju kandidature.<\/span><\/span><\/span><\/span><\/span><\/span><\/p>\n<p class=\"MsoNoSpacing\" style=\"margin-bottom:16px; text-align:justify\"><span style=\"background:white\"><span style=\"box-sizing:inherit\"><span style=\"font-variant-ligatures:normal\"><span style=\"text-decoration-thickness:initial\"><span style=\"text-decoration-style:initial\"><span style=\"text-decoration-color:initial\">Uz prijedlog predlagatelj je obvezan prilo\u017eiti i odgovaraju\u0107u dokumentaciju kojom se potvr\u0111uju navodi iz prijedloga.<\/span><\/span><\/span><\/span><\/span><\/span><\/p>\n<p class=\"MsoNoSpacing\" style=\"margin-bottom:16px; text-align:justify\"><span style=\"background:white\"><span style=\"box-sizing:inherit\"><span style=\"font-variant-ligatures:normal\"><span style=\"text-decoration-thickness:initial\"><span style=\"text-decoration-style:initial\"><span style=\"text-decoration-color:initial\">Prijedlog, s prilo\u017eenom odgovaraju\u0107om dokumentacijom, dostavlja se&nbsp;<i style=\"box-sizing:inherit\">na adresu:&nbsp;<b style=\"box-sizing:inherit\">Grad Ka\u0161tela, Komisija za dodjelu javnih priznanja, 21212 Ka\u0161tel Su\u0107urac, Bra\u0107e Radi\u0107 1<\/b>.&nbsp;<\/i>zaklju\u010dno s danom&nbsp;&nbsp;<b style=\"box-sizing:inherit\"><u style=\"box-sizing:inherit\">21. sije\u010dnja<\/u><\/b><u style=\"box-sizing:inherit\">&nbsp;<b style=\"box-sizing:inherit\"><i style=\"box-sizing:inherit\">2022. g.<\/i><\/b><\/u><\/span><\/span><\/span><\/span><\/span><\/span><\/p>\n<p class=\"MsoNoSpacing\" style=\"margin-bottom:16px; text-align:justify\"><span style=\"background:white\"><span style=\"box-sizing:inherit\"><span style=\"font-variant-ligatures:normal\"><span style=\"text-decoration-thickness:initial\"><span style=\"text-decoration-style:initial\"><span style=\"text-decoration-color:initial\">Ovaj Javni poziv objavljen je&nbsp;&nbsp;i na Oglasnoj plo\u010di Grada Ka\u0161tela.<\/span><\/span><\/span><\/span><\/span><\/span><\/p>\n<p class=\"MsoNoSpacing\" style=\"margin-bottom:16px; text-align:justify\"><span style=\"background:white\"><span style=\"box-sizing:inherit\"><span style=\"font-variant-ligatures:normal\"><span style=\"text-decoration-thickness:initial\"><span style=\"text-decoration-style:initial\"><span style=\"text-decoration-color:initial\">Potrebne informacije mogu se dobiti na brojeve telefona: (021) 205-249 i 205-280.<\/span><\/span><\/span><\/span><\/span><\/span><\/p>\n<p style=\"margin-bottom:11px\">&nbsp;<\/p>\n","protected":false},"excerpt":{"rendered":"<p>Komisija za dodjelu javnih priznanja,&nbsp;na temelju \u010dlanka 18. Odluke o javnim priznanjima Grada Ka\u0161tela (&ldquo;Slu\u017ebeni glasnik Grada Ka\u0161tela&rdquo;, broj 25\/21), [&hellip;]<\/p>\n","protected":false},"author":7,"featured_media":3229,"comment_status":"closed","ping_status":"open","sticky":false,"template":"","format":"standard","meta":{"_acf_changed":false,"footnotes":""},"categories":[1],"tags":[],"class_list":["post-3228","post","type-post","status-publish","format-standard","has-post-thumbnail","hentry","category-novosti"],"acf":[],"_links":{"self":[{"href":"https:\/\/kastela.hr\/en\/wp-json\/wp\/v2\/posts\/3228","targetHints":{"allow":["GET"]}}],"collection":[{"href":"https:\/\/kastela.hr\/en\/wp-json\/wp\/v2\/posts"}],"about":[{"href":"https:\/\/kastela.hr\/en\/wp-json\/wp\/v2\/types\/post"}],"author":[{"embeddable":true,"href":"https:\/\/kastela.hr\/en\/wp-json\/wp\/v2\/users\/7"}],"replies":[{"embeddable":true,"href":"https:\/\/kastela.hr\/en\/wp-json\/wp\/v2\/comments?post=3228"}],"version-history":[{"count":1,"href":"https:\/\/kastela.hr\/en\/wp-json\/wp\/v2\/posts\/3228\/revisions"}],"predecessor-version":[{"id":6731,"href":"https:\/\/kastela.hr\/en\/wp-json\/wp\/v2\/posts\/3228\/revisions\/6731"}],"wp:featuredmedia":[{"embeddable":true,"href":"https:\/\/kastela.hr\/en\/wp-json\/wp\/v2\/media\/3229"}],"wp:attachment":[{"href":"https:\/\/kastela.hr\/en\/wp-json\/wp\/v2\/media?parent=3228"}],"wp:term":[{"taxonomy":"category","embeddable":true,"href":"https:\/\/kastela.hr\/en\/wp-json\/wp\/v2\/categories?post=3228"},{"taxonomy":"post_tag","embeddable":true,"href":"https:\/\/kastela.hr\/en\/wp-json\/wp\/v2\/tags?post=3228"}],"curies":[{"name":"wp","href":"https:\/\/api.w.org\/{rel}","templated":true}]}}