{"id":3216,"date":"2022-01-31T14:36:00","date_gmt":"2022-01-31T13:36:00","guid":{"rendered":"https:\/\/kastela.hr\/en\/2022\/01\/31\/kastela-postaju-sveucilisni-grad\/"},"modified":"2024-08-29T10:47:51","modified_gmt":"2024-08-29T08:47:51","slug":"kastela-postaju-sveucilisni-grad","status":"publish","type":"post","link":"https:\/\/kastela.hr\/en\/2022\/01\/31\/kastela-postaju-sveucilisni-grad\/","title":{"rendered":"Ka\u0161tela postaju sveu\u010dili\u0161ni grad"},"content":{"rendered":"<p style=\"margin-bottom:11px\">Gradona\u010delnik Denis Ivanovi\u0107 odr\u017eao je danas u gimnaziji u Ka\u0161tel Novom radni sastanak s rektorom splitskog sveu\u010dili\u0161ta Draganom Ljuti\u0107em na temu uvo\u0111enja prvih studijskih programa na podru\u010dje Ka\u0161tela.<\/p>\n<p style=\"margin-bottom:11px\">Od listopada ove godine u prostorima sada\u0161nje gimnazije u Ka\u0161tel Novom, ex \u0161kole Bija\u0107i, uvode se Studij mora i novinarstva. Informacija je potvr\u0111ena od strane rektora Ljuti\u0107a koji je zajedno sa suradnicima i \u010delnicima Grada Ka\u0161tela obi\u0161ao prostore u kojima bi od po\u010detka idu\u0107e akademske godine trebalo djelovati sveu\u010dili\u0161te.<\/p>\n<p style=\"margin-bottom:11px\">-Prije pola godine smo imali jo\u0161 jedan sastanak sa \u010delnicima Sveu\u010dili\u0161ta u Splitu i zajedni\u010dki smo dogovorili ovaj obilazak na licu mjesta kako bi se rektor uvjerio odgovaraju li prostori za potrebe studija. Jedno krilo nekada\u0161nje \u0161kole Bija\u0107i bi prepustili za potrebe studiranja,a preostali dio bi, jo\u0161 uvijek, ostao za potrebe gimnazije koja se sada nalazi u ovoj zgradi. U dogledno vrijeme i gimnaziju bi iselili u nove prostore i to na podru\u010dje iza spomenika dr. Franji Tu\u0111manu gdje nam je u planu graditi novi \u0161kolski objekt u koji bi se preselila ka\u0161telanska gimnazija &#8211; kazao je ovom prilikom gradona\u010delnik Ivanovi\u0107.<\/p>\n<p style=\"margin-bottom:11px\">Rektor Ljuti\u0107, ugodno iznena\u0111en ponu\u0111enim prostorom, smje\u0161tenim u vi\u0161e od 100 godina staroj i potpuno obnovljenoj \u0161koli Bija\u0107i koja se preselila u novi objekt, kazao je kako je &nbsp;sama lokacija zgrade u blizini mora pogodna za otvaranje maritimnog studija.<\/p>\n<p style=\"margin-bottom:11px\">&#8211; Sada smo po pitanju studija mora u mre\u017ei sa \u0161est sveu\u010dili\u0161ta koja djeluju na podru\u010dju brojnih europskih dr\u017eava, a ova lokacija i vi\u0161e je nego monumentalna da je poka\u017eemo i u njoj zajedni\u010dki radimo sa na\u0161im i studentima iz drugih europskih gradova. Jo\u0161 prije tri godine \u017eupan Bla\u017eenko Boban me pitao kako bi \u017eupanija mogla sudjelovati u razvoju sveu\u010dili\u0161ta. Upravo na ovakav na\u010din jer, sveu\u010dili\u0161te se \u0161iri po \u017eupaniji. Tako smo hotelijerstvo i gastronomiju pokrenuli u Makarskoj gdje se obrazuje tre\u0107a generacija studenata, u Sinju smopozicionirali mediteransku poljoprivredu a u Ka\u0161tela bi, u ovu predivnu zgradu smjestili studente mora raznih usmjerenja ali i novinarstva. Siguran sam kako bi se studenti odazvali i krenuli s poha\u0111anjem studija na ovom mjestu, jer zamislite koji bi to lijepi doga\u0111aj bio da vidite studente kako \u0161etaju ovom rivom ispod nas. Ova pri\u010da koju je plan pokrenuti u listopadu ove godine, siguran sam, imat \u0107e svoju budu\u0107nost i perspektivu &#8211; uvjeren je rektor Ljuti\u0107.<\/p>\n<p style=\"margin-bottom:11px\">Realizacijom ovog projekta Ka\u0161tela bi, s osnovno\u0161kolskog i srednjo\u0161kolskog, na svom podru\u010dju, \u0161kolovanje podigla na jednu vi\u0161u razinu i postala pravi sveu\u010dili\u0161ni grad.<\/p>\n<p style=\"margin-bottom:11px\">&nbsp;<\/p>\n","protected":false},"excerpt":{"rendered":"<p>Gradona\u010delnik Denis Ivanovi\u0107 odr\u017eao je danas u gimnaziji u Ka\u0161tel Novom radni sastanak s rektorom splitskog sveu\u010dili\u0161ta Draganom Ljuti\u0107em na [&hellip;]<\/p>\n","protected":false},"author":7,"featured_media":3217,"comment_status":"closed","ping_status":"open","sticky":false,"template":"","format":"standard","meta":{"_acf_changed":false,"footnotes":""},"categories":[1],"tags":[],"class_list":["post-3216","post","type-post","status-publish","format-standard","has-post-thumbnail","hentry","category-novosti"],"acf":[],"_links":{"self":[{"href":"https:\/\/kastela.hr\/en\/wp-json\/wp\/v2\/posts\/3216","targetHints":{"allow":["GET"]}}],"collection":[{"href":"https:\/\/kastela.hr\/en\/wp-json\/wp\/v2\/posts"}],"about":[{"href":"https:\/\/kastela.hr\/en\/wp-json\/wp\/v2\/types\/post"}],"author":[{"embeddable":true,"href":"https:\/\/kastela.hr\/en\/wp-json\/wp\/v2\/users\/7"}],"replies":[{"embeddable":true,"href":"https:\/\/kastela.hr\/en\/wp-json\/wp\/v2\/comments?post=3216"}],"version-history":[{"count":1,"href":"https:\/\/kastela.hr\/en\/wp-json\/wp\/v2\/posts\/3216\/revisions"}],"predecessor-version":[{"id":6727,"href":"https:\/\/kastela.hr\/en\/wp-json\/wp\/v2\/posts\/3216\/revisions\/6727"}],"wp:featuredmedia":[{"embeddable":true,"href":"https:\/\/kastela.hr\/en\/wp-json\/wp\/v2\/media\/3217"}],"wp:attachment":[{"href":"https:\/\/kastela.hr\/en\/wp-json\/wp\/v2\/media?parent=3216"}],"wp:term":[{"taxonomy":"category","embeddable":true,"href":"https:\/\/kastela.hr\/en\/wp-json\/wp\/v2\/categories?post=3216"},{"taxonomy":"post_tag","embeddable":true,"href":"https:\/\/kastela.hr\/en\/wp-json\/wp\/v2\/tags?post=3216"}],"curies":[{"name":"wp","href":"https:\/\/api.w.org\/{rel}","templated":true}]}}