{"id":3165,"date":"2022-03-04T13:21:00","date_gmt":"2022-03-04T12:21:00","guid":{"rendered":"https:\/\/kastela.hr\/en\/2022\/03\/04\/povodom-dana-grada-kastela-odrzana-svecana-sjednica-gradskog-vijeca\/"},"modified":"2024-08-29T10:47:39","modified_gmt":"2024-08-29T08:47:39","slug":"povodom-dana-grada-kastela-odrzana-svecana-sjednica-gradskog-vijeca","status":"publish","type":"post","link":"https:\/\/kastela.hr\/en\/2022\/03\/04\/povodom-dana-grada-kastela-odrzana-svecana-sjednica-gradskog-vijeca\/","title":{"rendered":"Povodom Dana grada Ka\u0161tela odr\u017eana sve\u010dana sjednica Gradskog vije\u0107a"},"content":{"rendered":"<p class=\"MsoNoSpacing\">Povodom Dana grada Ka\u0161tela danas je u Marini Ka\u0161tela odr\u017eana sve\u010dana sjednica Gradskog vije\u0107a na kojoj su, uz predstavnike gradova prijatelja iz vi\u0161e europskih dr\u017eava, izaslanstva susjednih gradova i op\u0107ina, predstavnika brojnih udruga, tvrtki i institucija, nazo\u010dili i potpredsjednik Sabora Ante Sanader, dr\u017eavni tajnik u Ministarstvu branitelja i izaslanik predsjednika Vlade, \u0160piro Janovi\u0107, \u017eupan Bla\u017eenko Boban, a sve njih pozdravili su predsjednik Gradskog vije\u0107a Ivan Udovi\u010di\u0107 te ka\u0161telanski gradona\u010delnik Denis Ivanovi\u0107.<\/p>\n<p class=\"MsoNoSpacing\">&#8211; Sve \u0161to smo poduzeli u okviru rada Gradske uprave usmjereno je prema podizanju standarda na\u0161ih sugra\u0111ana, zbog kojih i obna\u0161amo na\u0161e du\u017enosti, upravljaju\u0107i gradom najbolje \u0161to mo\u017eemo i znamo. Projekti infrastrukture najve\u0107i su prioritet, a trenutni projekti koji se u gradu provode te\u0161ki su nekoliko stotina milijuna kuna. Posebno me veseli \u0161to \u0107emo na jesen postati i sveu\u010dili\u0161ni grad jer dobivamo studije mora i novinarstva, a ulaganja u djecu i mlade vra\u0107aju nam se na najljep\u0161i na\u010din jer brojimo znatan rast nataliteta. Potpore poduzetnicima, izgradnja igrali\u0161ta i ure\u0111enja brojnih parkova, tek su neki od projekata a ono \u0161to mogu kazati i obe\u0107ati je to da \u0107u i u budu\u0107e raditi najbolje \u0161to znam, na dobrobit gra\u0111ana &#8211; kazao je izme\u0111u ostalog gradona\u010delnik Denis Ivanovi\u0107 i dodao &nbsp;kako mladima treba pokazati put i stvoriti uvjete da ostanu u svom gradu i da \u017eive od svog rada.<\/p>\n<p class=\"MsoNoSpacing\">-Samo tako mo\u017eemo gledati u svjetliju i ljep\u0161u budu\u0107nost-dodao je gradona\u010delnik dok je predsjednik Gradskog vije\u0107a Ivan Udovi\u010di\u0107 kazao kako su Ka\u0161tela na dobrom putu prema jo\u0161 boljem podizanju standarda \u017eivota gra\u0111ana, \u0161to se vidi na svakom kutu Grada.<\/p>\n<p class=\"MsoNoSpacing\">-Ka\u0161tela su najve\u0107e gradili\u0161te u \u017eupaniji, trenutno imamo bezbroj aktivnih gradili\u0161ta od kojih je najve\u0107i dio onih koja se odnose na infrastrukturu. Nastavljamo i dalje raditi u punom pogonu kako bi za koju&nbsp; godinu postali jo\u0161 ugodniji grad za \u017eivot-kazao je Udovi\u010di\u0107.<\/p>\n<p class=\"MsoNoSpacing\">Ovom prilikom prisutni su mogli pogledati i kratak promotivni film autorice novinarke Maje Kova\u010d Levantin a koji govori o realiziranim projektima u proteklom razdoblju kao i budu\u0107im planovima kad je rije\u010d o investicijama, a posebno kad je u pitanju ure\u0111enje gotovo 20 km duge obale.<\/p>\n<p class=\"MsoNoSpacing\">-Dobra koordiniranost svih dionika u dru\u0161tvu jedini je ispravni put ka podizanju demografske slike ali i pru\u017eanja \u0161to boljih socijalnih mjera. \u017divimo u turbulentnim vremenima \u0161to je vidljivo iz dana u dan a vi u Ka\u0161telima imate hrabre ljude. Grad vam je cijeli raskopan a to zna\u010di da se radi i da ste na dobrom putu. Ka\u0161tela \u0107e za koju godinu postati pravi raj a \u017eupanija \u0107e koliko god bude mogla podupirati va\u0161e projekte. Ka\u0161tela \u0107e nakon izgradnje prometne infrastrukture postati centar na\u0161e \u017eupanije a gradona\u010delniku Ivanovi\u0107u mogu poru\u010diti da zajedno sa svojim suradnicima nastavi ovim putem-izjavio je \u017eupan Bla\u017eenko Boban.<\/p>\n<p class=\"MsoNoSpacing\">\u010cestitaju\u0107i svim dobitnicima nagrada Grada Ka\u0161tela, potpredsjednik Sabora Ante Sanader kazao je kako ga veseli \u010dinjenica da se u njegovom gradu gradi na sve strane.<\/p>\n<p class=\"MsoNoSpacing\">-To je dokaz da idete u dobrom smjeru. Brojni projekti koje radite biti \u0107e od koristi na\u0161im sugra\u0111anima a sve u cilju podizanja standarda \u017eivota. Slu\u0161amo i pratimo \u0161to nama koji smo u Saboru dajete prijedloge i predla\u017eete zakone. Nastavite tim smjerom kako bi svi zajedno, u ovim te\u0161kim vremenima radili na dobrobit naroda-kazao je Sanader.<\/p>\n<p class=\"MsoNoSpacing\">Proslava Dana grada prilika je da se uru\u010de nagrade laureatima a ovogodi\u0161njim dobitnicima dodijeljene su na ju\u010dera\u0161njoj sve\u010danoj sjednici Gradskog vije\u0107a.<\/p>\n<p class=\"MsoNoSpacing\">Po\u010dasnim gra\u0111aninom Ka\u0161tela progla\u0161en je fra Bernardin \u0160kunca za osobit doprinos&nbsp; na vrednovanju djela i \u017eivota istaknutih Ka\u0161telana. Nagradu grada za \u017eivotno djelo posmrtno je dodijeljena Sini\u0161i Ratkovi\u0107u za pokazanu iznimnu hrabrost i juna\u0161tvo u Domovinskom ratu te Biserki Re\u0161i\u0107 za izuzetna postignu\u0107a na unapre\u0111enju znanosti i zdravstva.<\/p>\n<p class=\"MsoNoSpacing\">Jedna od osobnih nagrada Ka\u0161tela za 2021. godinu posmrtno je pripala Filku Garbinu za neizmjeran doprinos i postignu\u0107a u o\u010duvanju tradicije su\u0107ura\u010dkih ma\u0161kara, zasluge na podru\u010dju vatrogastva i promicanje pisane rije\u010di, Anti Raj\u010di\u0107u za postignu\u0107a u sportu i radu s mladima te Soniboju Grginu, za izuzetan doprinos u o\u010duvanju i promicanju kulturne i povijesne ba\u0161tine Ka\u0161tela.<\/p>\n<p class=\"MsoNoSpacing\">Nagradu grada za humanost primio je vatrogasac Josip Mandari\u0107, za posebnu pomo\u0107 pri evakuaciji nepokretne starije osobe koja se na\u0161la u po\u017earu, dok je posebnu nagradu dobilo DVD &bdquo;Mladost&ldquo; iz Ka\u0161tel Su\u0107urca.<\/p>\n","protected":false},"excerpt":{"rendered":"<p>Povodom Dana grada Ka\u0161tela danas je u Marini Ka\u0161tela odr\u017eana sve\u010dana sjednica Gradskog vije\u0107a na kojoj su, uz predstavnike gradova [&hellip;]<\/p>\n","protected":false},"author":7,"featured_media":3166,"comment_status":"closed","ping_status":"open","sticky":false,"template":"","format":"standard","meta":{"_acf_changed":false,"footnotes":""},"categories":[1],"tags":[],"class_list":["post-3165","post","type-post","status-publish","format-standard","has-post-thumbnail","hentry","category-novosti"],"acf":[],"_links":{"self":[{"href":"https:\/\/kastela.hr\/en\/wp-json\/wp\/v2\/posts\/3165","targetHints":{"allow":["GET"]}}],"collection":[{"href":"https:\/\/kastela.hr\/en\/wp-json\/wp\/v2\/posts"}],"about":[{"href":"https:\/\/kastela.hr\/en\/wp-json\/wp\/v2\/types\/post"}],"author":[{"embeddable":true,"href":"https:\/\/kastela.hr\/en\/wp-json\/wp\/v2\/users\/7"}],"replies":[{"embeddable":true,"href":"https:\/\/kastela.hr\/en\/wp-json\/wp\/v2\/comments?post=3165"}],"version-history":[{"count":1,"href":"https:\/\/kastela.hr\/en\/wp-json\/wp\/v2\/posts\/3165\/revisions"}],"predecessor-version":[{"id":6716,"href":"https:\/\/kastela.hr\/en\/wp-json\/wp\/v2\/posts\/3165\/revisions\/6716"}],"wp:featuredmedia":[{"embeddable":true,"href":"https:\/\/kastela.hr\/en\/wp-json\/wp\/v2\/media\/3166"}],"wp:attachment":[{"href":"https:\/\/kastela.hr\/en\/wp-json\/wp\/v2\/media?parent=3165"}],"wp:term":[{"taxonomy":"category","embeddable":true,"href":"https:\/\/kastela.hr\/en\/wp-json\/wp\/v2\/categories?post=3165"},{"taxonomy":"post_tag","embeddable":true,"href":"https:\/\/kastela.hr\/en\/wp-json\/wp\/v2\/tags?post=3165"}],"curies":[{"name":"wp","href":"https:\/\/api.w.org\/{rel}","templated":true}]}}