{"id":2998,"date":"2022-07-15T09:28:00","date_gmt":"2022-07-15T07:28:00","guid":{"rendered":"https:\/\/kastela.hr\/en\/2022\/07\/15\/20-medunarodni-festival-folklora-za-jubav-tance-igrase-i-glazbene-veceri-kod-svetog-jeronima\/"},"modified":"2024-08-29T10:47:38","modified_gmt":"2024-08-29T08:47:38","slug":"20-medunarodni-festival-folklora-za-jubav-tance-igrase-i-glazbene-veceri-kod-svetog-jeronima","status":"publish","type":"post","link":"https:\/\/kastela.hr\/en\/2022\/07\/15\/20-medunarodni-festival-folklora-za-jubav-tance-igrase-i-glazbene-veceri-kod-svetog-jeronima\/","title":{"rendered":"20. Me\u0111unarodni festival folklora &#8220;Za jubav tance igra\u0161e&#8221; i Glazbene ve\u010deri kod svetog Jeronima"},"content":{"rendered":"<p class=\"MsoNoSpacing\">U nastavku programa ovogodi\u0161njeg Ka\u0161telanskog kulturnog ljeta slijede zanimljiva&nbsp;doga\u0111anja.<\/p>\n<p class=\"MsoNoSpacing\"><span style=\"background:white\">Kulturno-umjetni\u010dko dru\u0161tvo Ante Zaninovi\u0107 iz Ka\u0161tel Kambelovca i ove godine u sklopu Ka\u0161telanskog kulturnog ljeta prire\u0111uje 20. Me\u0111unarodni festival folklora pod nazivom &ldquo;Za jubav tance igra\u0161e&rdquo;, koji \u0107e se&nbsp;<\/span><b style=\"box-sizing:inherit; font-variant-ligatures:normal; text-align:start; text-decoration-thickness:initial; text-decoration-style:initial; text-decoration-color:initial\">uz crkvu Sv. Mihovila<\/b><span style=\"font-variant-ligatures:normal; text-align:start\"><span style=\"text-decoration-thickness:initial\"><span style=\"text-decoration-style:initial\"><span style=\"text-decoration-color:initial\"><span style=\"float:none\">&nbsp;odr\u017eati ove nedjelje&nbsp;<\/span><\/span><\/span><\/span><\/span><b style=\"box-sizing:inherit; font-variant-ligatures:normal; text-align:start; text-decoration-thickness:initial; text-decoration-style:initial; text-decoration-color:initial\">17. srpnja 2018.<\/b><span style=\"font-variant-ligatures:normal; text-align:start\"><span style=\"text-decoration-thickness:initial\"><span style=\"text-decoration-style:initial\"><span style=\"text-decoration-color:initial\"><span style=\"float:none\">&nbsp;s po\u010detkom u&nbsp;<\/span><\/span><\/span><\/span><\/span><b style=\"box-sizing:inherit; font-variant-ligatures:normal; text-align:start; text-decoration-thickness:initial; text-decoration-style:initial; text-decoration-color:initial\">18 sat<span style=\"font-variant-ligatures:normal; text-align:start\"><span style=\"text-decoration-thickness:initial\"><span style=\"text-decoration-style:initial\"><span style=\"text-decoration-color:initial\"><span style=\"float:none\">i<\/span><\/span><\/span><\/span><\/span><\/b>&nbsp;u Ka\u0161tel Kambelovcu.<\/p>\n<p class=\"MsoNoSpacing\"><span style=\"background:white\">Po\u010deci smotre se\u017eu u 2003. kada je organizirana prvi put, a ve\u0107 2004. smotra poprima me\u0111unarodni karakter. Do sada su na smotri sudjelovala uspje\u0161na dru\u0161tva iz Rusije, Poljske, Rumunjske, Francuske, Portugala, Italije, Makedonije, Slovenije, Slova\u010dke, Ma\u0111arske, Litve, \u0160panjolske te Bosne i Hercegovine, ali i niz kulturno-umjetni\u010dkih dru\u0161tava iz raznih krajeva&nbsp;Hrvatske. Od 2008. ovaj susret prijavljen je u Me\u0111unarodni savjet organizatora festivala folklora i tradicionalne kulture (CIOFF) koji djeluje u okviru UNESCO-a kao jedan od niza Mediteranskih folklornih festivala.<\/span><\/p>\n<p class=\"MsoNoSpacing\"><b>Strane folklorne skupine koje \u0107e sudjelovati jesu:<\/b><\/p>\n<p class=\"MsoNoSpacing\">Compania Nacional de Danzas Tradicionales &bdquo;Pachamama&ldquo;, Bogota, Kolumbija<\/p>\n<p class=\"MsoNoSpacing\">&bdquo;Idaho Xpress&ldquo;, Burley, Idaho, SAD<\/p>\n<p class=\"MsoNoSpacing\">Folklore Ensemble &bdquo;Rovina&ldquo;, Dlhe Kl\u010dovo, Slova\u010dka<\/p>\n<p class=\"MsoNoSpacing\">KUD &bdquo;Ilinden&ldquo;, Bitola, Sjeverna Makedonija<\/p>\n<p class=\"MsoNoSpacing\">KUD &bdquo;Tribanj Bila&ldquo;, Livno, Bosna i Hercegovina<\/p>\n<p class=\"MsoNoSpacing\"><strong>U ponedjeljak, 18. srpnja u 20.30 sati&nbsp;<\/strong>ispred <strong>stare crkvice svetog Jeronima<\/strong> u Ka\u0161tel Gomilici zapo\u010dinju jo\u0161 jedne Glazbene ve\u010deri kod svetog Jeronima, a ovoga puta nastupa &#8211; Mandolinski orkestar &nbsp;Sanctus Domnio.<\/p>\n<p class=\"MsoNoSpacing\">Ulaz je slobodan.<\/p>\n","protected":false},"excerpt":{"rendered":"<p>U nastavku programa ovogodi\u0161njeg Ka\u0161telanskog kulturnog ljeta slijede zanimljiva&nbsp;doga\u0111anja. Kulturno-umjetni\u010dko dru\u0161tvo Ante Zaninovi\u0107 iz Ka\u0161tel Kambelovca i ove godine u [&hellip;]<\/p>\n","protected":false},"author":7,"featured_media":2999,"comment_status":"closed","ping_status":"open","sticky":false,"template":"","format":"standard","meta":{"_acf_changed":false,"footnotes":""},"categories":[1],"tags":[],"class_list":["post-2998","post","type-post","status-publish","format-standard","has-post-thumbnail","hentry","category-novosti"],"acf":[],"_links":{"self":[{"href":"https:\/\/kastela.hr\/en\/wp-json\/wp\/v2\/posts\/2998","targetHints":{"allow":["GET"]}}],"collection":[{"href":"https:\/\/kastela.hr\/en\/wp-json\/wp\/v2\/posts"}],"about":[{"href":"https:\/\/kastela.hr\/en\/wp-json\/wp\/v2\/types\/post"}],"author":[{"embeddable":true,"href":"https:\/\/kastela.hr\/en\/wp-json\/wp\/v2\/users\/7"}],"replies":[{"embeddable":true,"href":"https:\/\/kastela.hr\/en\/wp-json\/wp\/v2\/comments?post=2998"}],"version-history":[{"count":1,"href":"https:\/\/kastela.hr\/en\/wp-json\/wp\/v2\/posts\/2998\/revisions"}],"predecessor-version":[{"id":6677,"href":"https:\/\/kastela.hr\/en\/wp-json\/wp\/v2\/posts\/2998\/revisions\/6677"}],"wp:featuredmedia":[{"embeddable":true,"href":"https:\/\/kastela.hr\/en\/wp-json\/wp\/v2\/media\/2999"}],"wp:attachment":[{"href":"https:\/\/kastela.hr\/en\/wp-json\/wp\/v2\/media?parent=2998"}],"wp:term":[{"taxonomy":"category","embeddable":true,"href":"https:\/\/kastela.hr\/en\/wp-json\/wp\/v2\/categories?post=2998"},{"taxonomy":"post_tag","embeddable":true,"href":"https:\/\/kastela.hr\/en\/wp-json\/wp\/v2\/tags?post=2998"}],"curies":[{"name":"wp","href":"https:\/\/api.w.org\/{rel}","templated":true}]}}