{"id":2995,"date":"2022-07-18T10:19:00","date_gmt":"2022-07-18T08:19:00","guid":{"rendered":"https:\/\/kastela.hr\/en\/2022\/07\/18\/sazvana-8-sjednica-gradskog-vijeca\/"},"modified":"2024-11-28T09:22:45","modified_gmt":"2024-11-28T08:22:45","slug":"sazvana-8-sjednica-gradskog-vijeca","status":"publish","type":"post","link":"https:\/\/kastela.hr\/en\/2022\/07\/18\/sazvana-8-sjednica-gradskog-vijeca\/","title":{"rendered":"Sazvana 8. sjednica Gradskog vije\u0107a"},"content":{"rendered":"<p>Predsjednik Gradskog vije\u0107a Ivan Udovi\u010di\u0107 sazvao je 8. sjednicu Gradskog vije\u0107a Grada Ka\u0161tela za dan 25. srpnja&nbsp;(ponedjeljak) 2022. g. u 11 sati u Gradskoj vije\u0107nici.&nbsp;<\/p>\n<p>Dnevni red se sastoji od deset to\u010daka:<\/p>\n<p>&nbsp; 1. Usvajanje Zapisnika sa 7. sjednice Gradskog vije\u0107a<\/p>\n<div style=\"border:none black 1.0pt; padding:0cm 0cm 0cm 0cm\">\n<p class=\"LO-Normal\" style=\"border:none; text-align:justify; padding:0cm\">&nbsp; 2. Informacija o tijeku projekta Aglomeracija Ka\u0161tela -Trogir&nbsp;<\/p>\n<p style=\"border:none; padding:0cm\">&nbsp;&nbsp;&nbsp;&nbsp;&nbsp; &#8211;&nbsp; Izvjestitelj: Tomislav \u0160uta, direktor Vodovoda i kanalizacije, d. o. o.&nbsp; Split.<\/p>\n<p class=\"LO-Normal\" style=\"border:none; text-align:justify; padding:0cm\">&nbsp; 3. Vije\u0107ni\u010dka pitanja i prijedlozi<\/p>\n<p style=\"border:none; text-align:justify; padding:0cm\">&nbsp; 4. Prijedlog odluke o raspisivanju izbora za \u010dlanove vije\u0107a mjesnih odbora na podru\u010dju Grada Ka\u0161tela<\/p>\n<\/div>\n<p style=\"border:none; padding:0cm\">&nbsp;&nbsp;&nbsp;&nbsp;&nbsp; &#8211; Izvjestiteljica: Ivana Modri\u0107, pro\u010delnica Upravnog odjela za poslove Gradona\u010delnika i stru\u010dne poslove.<\/p>\n<div style=\"border:none black 1.0pt; padding:0cm 0cm 0cm 0cm\">\n<p style=\"border:none; text-align:justify; padding:0cm\">&nbsp; 5. Prijedlog odluke o izmjeni i dopuni Odluke o na\u010dinu i uvjetima sufinanciranja programa pred\u0161kolskog odgoja na<\/p>\n<p style=\"border:none; text-align:justify; padding:0cm\">&nbsp;&nbsp; &nbsp;&nbsp;&nbsp;podru\u010dju grada Trogira za djecu s prebivali\u0161tem na podru\u010dju grada Ka\u0161tela<\/p>\n<\/div>\n<p class=\"MsoNoSpacing\">&nbsp;&nbsp; &nbsp;&nbsp;&nbsp;&#8211; Izvjestiteljica: Antonia Kljai\u0107, pro\u010delnica Upravnog odjela za dru\u0161tvene djelatnosti i zajedni\u010dke poslove<\/p>\n<div style=\"border:none black 1.0pt; padding:0cm 0cm 0cm 0cm\">\n<p style=\"border:none; padding:0cm\">&nbsp; 6. Prijedlog rje\u0161enja o razrje\u0161enju&nbsp; i izboru predsjednika Odbora za za\u0161titu okoli\u0161a<\/p>\n<p style=\"border:none; padding:0cm\">&nbsp; 7. Prijedlog rje\u0161enja o razrje\u0161enju i izboru predsjednika Odbora za komunalno gospodarstvo i imovinsko-pravna<\/p>\n<p style=\"border:none; padding:0cm\">&nbsp;&nbsp;&nbsp;&nbsp;&nbsp; pitanja<\/p>\n<p style=\"border:none; padding:0cm\">&nbsp; 8. Prijedlog rje\u0161enja o razrje\u0161enju i izboru \u010dlana Komisije za dodjelu javnih priznanja<\/p>\n<p style=\"border:none; padding:0cm\">&nbsp; 9. Prijedlog rje\u0161enja o razrje\u0161enju i izboru \u010dlana Komisije za me\u0111ugradsku&nbsp; i me\u0111unarodnu suradnju<\/p>\n<p style=\"border:none; padding:0cm\">10. Prijedlog rje\u0161enja o razrje\u0161enju i izboru \u010dlana Komisije za imena ulica i trgova i za spomenike<\/p>\n<p style=\"border:none; text-align:justify; padding:0cm\">&nbsp;&nbsp;&nbsp;&nbsp;&nbsp; &#8211; Izvjestitelj t. 6. do&nbsp; t. 10.: Teo Antunovi\u0107, predsjednik Odbora za izbor i imenovanja<\/p>\n<p style=\"border:none; text-align:justify; padding:0cm\">&nbsp;&nbsp;&nbsp;&nbsp;&nbsp;&nbsp; (Napomena: Materijal \u0107e biti naknadno dostupan)<\/p>\n<\/div>\n","protected":false},"excerpt":{"rendered":"<p>Predsjednik Gradskog vije\u0107a Ivan Udovi\u010di\u0107 sazvao je 8. sjednicu Gradskog vije\u0107a Grada Ka\u0161tela za dan 25. srpnja&nbsp;(ponedjeljak) 2022. g. u [&hellip;]<\/p>\n","protected":false},"author":7,"featured_media":2996,"comment_status":"closed","ping_status":"open","sticky":false,"template":"","format":"standard","meta":{"_acf_changed":false,"footnotes":""},"categories":[1],"tags":[],"class_list":["post-2995","post","type-post","status-publish","format-standard","has-post-thumbnail","hentry","category-novosti"],"acf":[],"_links":{"self":[{"href":"https:\/\/kastela.hr\/en\/wp-json\/wp\/v2\/posts\/2995","targetHints":{"allow":["GET"]}}],"collection":[{"href":"https:\/\/kastela.hr\/en\/wp-json\/wp\/v2\/posts"}],"about":[{"href":"https:\/\/kastela.hr\/en\/wp-json\/wp\/v2\/types\/post"}],"author":[{"embeddable":true,"href":"https:\/\/kastela.hr\/en\/wp-json\/wp\/v2\/users\/7"}],"replies":[{"embeddable":true,"href":"https:\/\/kastela.hr\/en\/wp-json\/wp\/v2\/comments?post=2995"}],"version-history":[{"count":2,"href":"https:\/\/kastela.hr\/en\/wp-json\/wp\/v2\/posts\/2995\/revisions"}],"predecessor-version":[{"id":13860,"href":"https:\/\/kastela.hr\/en\/wp-json\/wp\/v2\/posts\/2995\/revisions\/13860"}],"wp:featuredmedia":[{"embeddable":true,"href":"https:\/\/kastela.hr\/en\/wp-json\/wp\/v2\/media\/2996"}],"wp:attachment":[{"href":"https:\/\/kastela.hr\/en\/wp-json\/wp\/v2\/media?parent=2995"}],"wp:term":[{"taxonomy":"category","embeddable":true,"href":"https:\/\/kastela.hr\/en\/wp-json\/wp\/v2\/categories?post=2995"},{"taxonomy":"post_tag","embeddable":true,"href":"https:\/\/kastela.hr\/en\/wp-json\/wp\/v2\/tags?post=2995"}],"curies":[{"name":"wp","href":"https:\/\/api.w.org\/{rel}","templated":true}]}}