{"id":2978,"date":"2022-07-18T10:37:00","date_gmt":"2022-07-18T08:37:00","guid":{"rendered":"https:\/\/kastela.hr\/en\/2022\/07\/18\/prijem-predstavnika-folklornih-drustava-iz-kolumbije-amerike-slovacke-i-sjeverne-makedonije\/"},"modified":"2024-08-29T10:47:38","modified_gmt":"2024-08-29T08:47:38","slug":"prijem-predstavnika-folklornih-drustava-iz-kolumbije-amerike-slovacke-i-sjeverne-makedonije","status":"publish","type":"post","link":"https:\/\/kastela.hr\/en\/2022\/07\/18\/prijem-predstavnika-folklornih-drustava-iz-kolumbije-amerike-slovacke-i-sjeverne-makedonije\/","title":{"rendered":"Prijem predstavnika folklornih dru\u0161tava iz Kolumbije, Amerike, Slova\u010dke i Sjeverne Makedonije"},"content":{"rendered":"<p style=\"margin-bottom:16px; text-align:justify\"><span style=\"background:white\">Povodom 20. Me\u0111unarodnog festivala folklora &ldquo;Za jubav tance igra\u0161e&rdquo; koji je sino\u0107 odr\u017ean u Ka\u0161telima, u ime gradona\u010delnika Denisa Ivanovi\u0107a, pro\u010delnica Upravnog odjela za dru\u0161tvene djelatnosti i zajedni\u010dke poslove Antonia Kljai\u0107 i pro\u010delnica Upravnog odjela za komunalno gospodarstvo i fondove Europske unije Marija Vu\u010dica primile su predstavnike folklornih dru\u0161tava iz Kolumbije, Sjedinjenih Ameri\u010dkih dr\u017eava, Slova\u010dke i Sjeverne Makedonije.<\/span><\/p>\n<p style=\"margin-bottom:16px; text-align:justify\"><span style=\"background:white\">&nbsp;&#8211; Nakon dvije godine pauze uzrokovane Covid-om sino\u0107 smo na radost doma\u0107ih i stranih gostiju u\u017eivali u tradicionalnim folklornim plesovima i pjesmama. KUD &bdquo;Ante Zaninovi\u0107&ldquo; sino\u0107 je jo\u0161 jednom prezentirao folklorne ljepote na\u0161eg grada. Uz Zaninovi\u0107e su nastupile i druge folklorne skupine, a ovogodi\u0161nje izdanje festivala bilo je i interkontinentalnog karaktera zahvaljuju\u0107i gostima iz Amerike i Kolumbije. Ovim putem se zahvaljujem svim izvo\u0111a\u010dima \u0161to su nas upoznali s obi\u010dajima svojih mjesta i dr\u017eava te vjerujem da \u0107e svojim ku\u0107ama ponijeti najljep\u0161e uspomene iz na\u0161eg grada &#8211; kazala je Antonia Kljai\u0107.<\/span><\/p>\n<p style=\"margin-bottom:16px; text-align:justify\"><span style=\"background:white\">&#8211; Dragi gosti nadam se da ste iz uspjeli iskoristiti dio slobodnog vremena i u obilasku Grada Ka\u0161tela te da ste zadovoljni turisti\u010dkom i gastronomskom ponudom. Isto tako, zahvaljujem se vama gostima, i KUD-u Ante Zaninovi\u0107 na organizaciji festivala te vas pozivam da posjetite na\u0161 grad i drugom prilikom. &ndash; kazala je Marija Vu\u010dica.<\/span><\/p>\n<p style=\"margin-bottom:16px; text-align:justify\"><span style=\"background:white\">Doma\u0107in smotre bio je KUD &ldquo;Ante Zaninovi\u0107&rdquo;, a voditeljica KUD-a Marica Tadin kazala je ne\u0161to vi\u0161e o ovogodi\u0161njem festivalu<\/span><\/p>\n<p style=\"margin-bottom:16px; text-align:justify\"><span style=\"background:white\">&#8211; Sudjelovale su \u010detiri me\u0111unarodne skupine i njihovi doma\u0107ini su nam kroz dva sata koncerta predstavili plesom svoje dr\u017eave, gradove i mjesta. Sudjelovale su grupe iz Slova\u010dke, Kolumbije, Amerike i Sjeverne Makedonije te mi, KUD Ante Zaninovi\u0107, kao doma\u0107ini. Osim nastupom na koncertima, KUD Ante Zaninovi\u0107, sudjeluje i na mnogim doga\u0111anjima pa tako primjerice, ljeti \u0161etamo u narodnim no\u0161njama, ple\u0161emo i pjevamo te se i na taj na\u010din prezentiramo turistima koji dolaze u grad. <\/span><\/p>\n<p style=\"margin-bottom:16px; text-align:justify\"><span style=\"background:white\">Osim ovog festivala, folklorne skupine svoje umije\u0107e tradicijskog&nbsp; plesa predstavili su u Dugom ratu i Mu\u0107u, a predstavit \u0107e i u Dugopolju, na 17. Me\u0111unarodnim folklornim susretima pod nazivom &bdquo;Ljepota u kamenu kamenitom&ldquo;.<\/span><\/p>\n","protected":false},"excerpt":{"rendered":"<p>Povodom 20. Me\u0111unarodnog festivala folklora &ldquo;Za jubav tance igra\u0161e&rdquo; koji je sino\u0107 odr\u017ean u Ka\u0161telima, u ime gradona\u010delnika Denisa Ivanovi\u0107a, [&hellip;]<\/p>\n","protected":false},"author":7,"featured_media":2979,"comment_status":"closed","ping_status":"open","sticky":false,"template":"","format":"standard","meta":{"_acf_changed":false,"footnotes":""},"categories":[1],"tags":[],"class_list":["post-2978","post","type-post","status-publish","format-standard","has-post-thumbnail","hentry","category-novosti"],"acf":[],"_links":{"self":[{"href":"https:\/\/kastela.hr\/en\/wp-json\/wp\/v2\/posts\/2978","targetHints":{"allow":["GET"]}}],"collection":[{"href":"https:\/\/kastela.hr\/en\/wp-json\/wp\/v2\/posts"}],"about":[{"href":"https:\/\/kastela.hr\/en\/wp-json\/wp\/v2\/types\/post"}],"author":[{"embeddable":true,"href":"https:\/\/kastela.hr\/en\/wp-json\/wp\/v2\/users\/7"}],"replies":[{"embeddable":true,"href":"https:\/\/kastela.hr\/en\/wp-json\/wp\/v2\/comments?post=2978"}],"version-history":[{"count":1,"href":"https:\/\/kastela.hr\/en\/wp-json\/wp\/v2\/posts\/2978\/revisions"}],"predecessor-version":[{"id":6675,"href":"https:\/\/kastela.hr\/en\/wp-json\/wp\/v2\/posts\/2978\/revisions\/6675"}],"wp:featuredmedia":[{"embeddable":true,"href":"https:\/\/kastela.hr\/en\/wp-json\/wp\/v2\/media\/2979"}],"wp:attachment":[{"href":"https:\/\/kastela.hr\/en\/wp-json\/wp\/v2\/media?parent=2978"}],"wp:term":[{"taxonomy":"category","embeddable":true,"href":"https:\/\/kastela.hr\/en\/wp-json\/wp\/v2\/categories?post=2978"},{"taxonomy":"post_tag","embeddable":true,"href":"https:\/\/kastela.hr\/en\/wp-json\/wp\/v2\/tags?post=2978"}],"curies":[{"name":"wp","href":"https:\/\/api.w.org\/{rel}","templated":true}]}}