{"id":2975,"date":"2022-07-20T06:30:00","date_gmt":"2022-07-20T04:30:00","guid":{"rendered":"https:\/\/kastela.hr\/en\/2022\/07\/20\/djecja-predstava-koncert-ibrice-jusica-veceri-dalmatinske-pisme-kastela\/"},"modified":"2024-08-29T10:47:38","modified_gmt":"2024-08-29T08:47:38","slug":"djecja-predstava-koncert-ibrice-jusica-veceri-dalmatinske-pisme-kastela","status":"publish","type":"post","link":"https:\/\/kastela.hr\/en\/2022\/07\/20\/djecja-predstava-koncert-ibrice-jusica-veceri-dalmatinske-pisme-kastela\/","title":{"rendered":"Dje\u010dja predstava, koncert Ibrice Jusi\u0107a, Ve\u010deri dalmatinske pisme Ka\u0161tela&#8230;"},"content":{"rendered":"<p style=\"margin-bottom: 11px; text-align: justify;\">U sklopu Ka\u0161telanskog kulturnog ljeta, slijedi nam nekoliko ovotjednih doga\u0111anja pa je tako ve\u010deras s po\u010detkom u 20 sati u Dudanovom parku u Ka\u0161tel Kambelovcu dje\u010dja predstava u izvedbi umjetni\u010dke organizacije Produkcije Z pod nazivom &bdquo;Put oko svijeta&ldquo;.<\/p>\n<p style=\"margin-bottom: 11px; text-align: justify;\">Sutra, 21. srpnja, mo\u017eete u\u017eivati u cjelove\u010dernjem koncertu Ibrice Jusi\u0107a u Novom parku u Ka\u0161tel Luk\u0161i\u0107u s po\u010detkom u 21 sat, a potom nam slijede Ve\u010deri dalmatinske pisme Ka\u0161tela 2022. kroz dvije izvedbene ve\u010deri.<\/p>\n<p style=\"margin-bottom: 11px; text-align: justify;\">Prvu ve\u010der, 22. srpnja, s po\u010detkom u 21 sat, na poljani pored \u017eupne crkve svetog Mihovila u Ka\u0161tel Kambelovcu bit \u0107e koncertni program posve\u0107en Jak\u0161i Fiamengu pod nazivom &bdquo;\u010covik od soli&ldquo;.<\/p>\n<p style=\"margin-bottom: 11px; text-align: justify;\">Drugu ve\u010der, 23. srpnja, na istom mjestu&nbsp;s po\u010detkom u 21 sat,&nbsp;mo\u017eete u\u017eivati u festivalskoj ve\u010deri &#8211; obradama popularnih skladbi. &bdquo;Ka\u0161telanski \u0111ir&ldquo; natjecateljska je ve\u010der u kojoj \u0107e se 14 odabranih skladbi natjecati za titulu najboljih.<\/p>\n<p style=\"margin-bottom: 11px; text-align: justify;\">Do\u0111ite i poslu\u0161ajte koncert limenog puha\u010dkog kvinteta u organizacijskoj suradnji Podium brass quintet i Hrvatskog glazbenog dru\u0161tva Biranj, 24. srpnja, u ka\u0161tel Vitturi&nbsp;u Ka\u0161tel Luk\u0161i\u0107u s po\u010detkom u 21 sat.<\/p>\n","protected":false},"excerpt":{"rendered":"<p>U sklopu Ka\u0161telanskog kulturnog ljeta, slijedi nam nekoliko ovotjednih doga\u0111anja pa je tako ve\u010deras s po\u010detkom u 20 sati u [&hellip;]<\/p>\n","protected":false},"author":7,"featured_media":2976,"comment_status":"closed","ping_status":"open","sticky":false,"template":"","format":"standard","meta":{"_acf_changed":false,"footnotes":""},"categories":[1],"tags":[],"class_list":["post-2975","post","type-post","status-publish","format-standard","has-post-thumbnail","hentry","category-novosti"],"acf":[],"_links":{"self":[{"href":"https:\/\/kastela.hr\/en\/wp-json\/wp\/v2\/posts\/2975","targetHints":{"allow":["GET"]}}],"collection":[{"href":"https:\/\/kastela.hr\/en\/wp-json\/wp\/v2\/posts"}],"about":[{"href":"https:\/\/kastela.hr\/en\/wp-json\/wp\/v2\/types\/post"}],"author":[{"embeddable":true,"href":"https:\/\/kastela.hr\/en\/wp-json\/wp\/v2\/users\/7"}],"replies":[{"embeddable":true,"href":"https:\/\/kastela.hr\/en\/wp-json\/wp\/v2\/comments?post=2975"}],"version-history":[{"count":1,"href":"https:\/\/kastela.hr\/en\/wp-json\/wp\/v2\/posts\/2975\/revisions"}],"predecessor-version":[{"id":6674,"href":"https:\/\/kastela.hr\/en\/wp-json\/wp\/v2\/posts\/2975\/revisions\/6674"}],"wp:featuredmedia":[{"embeddable":true,"href":"https:\/\/kastela.hr\/en\/wp-json\/wp\/v2\/media\/2976"}],"wp:attachment":[{"href":"https:\/\/kastela.hr\/en\/wp-json\/wp\/v2\/media?parent=2975"}],"wp:term":[{"taxonomy":"category","embeddable":true,"href":"https:\/\/kastela.hr\/en\/wp-json\/wp\/v2\/categories?post=2975"},{"taxonomy":"post_tag","embeddable":true,"href":"https:\/\/kastela.hr\/en\/wp-json\/wp\/v2\/tags?post=2975"}],"curies":[{"name":"wp","href":"https:\/\/api.w.org\/{rel}","templated":true}]}}