{"id":2972,"date":"2022-07-25T05:48:00","date_gmt":"2022-07-25T03:48:00","guid":{"rendered":"https:\/\/kastela.hr\/en\/2022\/07\/25\/koncert-klape-kampaneli-marka-skugora-predstava-za-djecu\/"},"modified":"2024-08-29T10:47:38","modified_gmt":"2024-08-29T08:47:38","slug":"koncert-klape-kampaneli-marka-skugora-predstava-za-djecu","status":"publish","type":"post","link":"https:\/\/kastela.hr\/en\/2022\/07\/25\/koncert-klape-kampaneli-marka-skugora-predstava-za-djecu\/","title":{"rendered":"Koncert klape Kampaneli, Marka \u0160kugora, predstava za djecu&#8230;"},"content":{"rendered":"<p style=\"margin-bottom:11px\">Koncert klape Kampaneli odr\u017eat \u0107e se u ka\u0161tel Vitturiju u Ka\u0161tel Luk\u0161i\u0107u ve\u010deras, 25. srpnja s po\u010detkom u 21 sat.<\/p>\n<p style=\"margin-bottom:11px\">U srijedu, 27. srpnja,&nbsp; predstava za djecu &bdquo;Hrvatske vile i vje\u0161tice&ldquo; sa uprizorenjima hrvatskih usmenih narodnih pri\u010da i legendi u Dudanovom parku u Ka\u0161tel Kambelovcu s po\u010detkom u 20.30 sati.<\/p>\n<p style=\"margin-bottom:11px\">U \u010detvrtak, 28. srpnja u Novom parku u Ka\u0161tel Luk\u0161i\u0107u s po\u010detkom u 21 sat u\u017eivajte u koncertnom programu u izvedbi Marka \u0160kugora.<\/p>\n<p style=\"margin-bottom:11px\">U petak, 29. srpnja u Dudanovom parku u Ka\u0161tel Kambelovcu &#8211; humoristi\u010dna predstava &bdquo;Zavodnici&ldquo;, u izvedbi kazali\u0161ne dru\u017eine Ritam igre s po\u010detkom u 21 sat.<\/p>\n<p style=\"margin-bottom:11px\">U subotu, 30. srpnja, na trgu Podvorje u Ka\u0161tel Su\u0107urcu s po\u010detkom u 21 sat &ndash; ljetni folklorni program pod nazivom &bdquo;Mise\u010dina prosula se kalon&ldquo;, u izvedbi KUD-a Putalj i gostuju\u0107ih folklornih skupina.<\/p>\n<p style=\"margin-bottom:11px\">U nedjelju, 31. srpnja, na Igri\u0161\u0107u u Ka\u0161tel \u0160tafili\u0107u s po\u010detkom u 21 sat, u organizaciji HGD Zrinski do\u0111ite na ljetni koncert HGD Zrinski u izvedbi puha\u010dkog orkestra i gostiju pod nazivom &bdquo;Glazbarska ve\u010der&ldquo;.<\/p>\n","protected":false},"excerpt":{"rendered":"<p>Koncert klape Kampaneli odr\u017eat \u0107e se u ka\u0161tel Vitturiju u Ka\u0161tel Luk\u0161i\u0107u ve\u010deras, 25. srpnja s po\u010detkom u 21 sat. [&hellip;]<\/p>\n","protected":false},"author":7,"featured_media":2973,"comment_status":"closed","ping_status":"open","sticky":false,"template":"","format":"standard","meta":{"_acf_changed":false,"footnotes":""},"categories":[1],"tags":[],"class_list":["post-2972","post","type-post","status-publish","format-standard","has-post-thumbnail","hentry","category-novosti"],"acf":[],"_links":{"self":[{"href":"https:\/\/kastela.hr\/en\/wp-json\/wp\/v2\/posts\/2972","targetHints":{"allow":["GET"]}}],"collection":[{"href":"https:\/\/kastela.hr\/en\/wp-json\/wp\/v2\/posts"}],"about":[{"href":"https:\/\/kastela.hr\/en\/wp-json\/wp\/v2\/types\/post"}],"author":[{"embeddable":true,"href":"https:\/\/kastela.hr\/en\/wp-json\/wp\/v2\/users\/7"}],"replies":[{"embeddable":true,"href":"https:\/\/kastela.hr\/en\/wp-json\/wp\/v2\/comments?post=2972"}],"version-history":[{"count":1,"href":"https:\/\/kastela.hr\/en\/wp-json\/wp\/v2\/posts\/2972\/revisions"}],"predecessor-version":[{"id":6673,"href":"https:\/\/kastela.hr\/en\/wp-json\/wp\/v2\/posts\/2972\/revisions\/6673"}],"wp:featuredmedia":[{"embeddable":true,"href":"https:\/\/kastela.hr\/en\/wp-json\/wp\/v2\/media\/2973"}],"wp:attachment":[{"href":"https:\/\/kastela.hr\/en\/wp-json\/wp\/v2\/media?parent=2972"}],"wp:term":[{"taxonomy":"category","embeddable":true,"href":"https:\/\/kastela.hr\/en\/wp-json\/wp\/v2\/categories?post=2972"},{"taxonomy":"post_tag","embeddable":true,"href":"https:\/\/kastela.hr\/en\/wp-json\/wp\/v2\/tags?post=2972"}],"curies":[{"name":"wp","href":"https:\/\/api.w.org\/{rel}","templated":true}]}}