{"id":2952,"date":"2022-07-26T09:15:00","date_gmt":"2022-07-26T07:15:00","guid":{"rendered":"https:\/\/kastela.hr\/en\/2022\/07\/26\/odrzana-8-sjednica-gradskog-vijeca\/"},"modified":"2024-08-29T10:47:38","modified_gmt":"2024-08-29T08:47:38","slug":"odrzana-8-sjednica-gradskog-vijeca","status":"publish","type":"post","link":"https:\/\/kastela.hr\/en\/2022\/07\/26\/odrzana-8-sjednica-gradskog-vijeca\/","title":{"rendered":"Odr\u017eana 8. sjednica Gradskog vije\u0107a"},"content":{"rendered":"<p style=\"text-align:justify; margin-bottom:11px\"><span style=\"background:white\">U Gradskoj vije\u0107nici 25. srpnja odr\u017eana je 8. sjednica Gradskog vije\u0107a. Direktor Vodovoda i kanalizacije Tomislav \u0160uta prisustvovao je sjednici Gradskog vije\u0107a zajedno sa svojim suradnicima kao \u0161to je bilo obe\u0107ano od strane Grada, saslu\u0161ao je pitanja vije\u0107nika te na iste i odgovarao. Tijekom aktualnog sata vije\u0107nici su postavljali pitanja, a zatim su uslijedile preostale to\u010dke dnevnog reda kojih je sveukupno bilo deset.<\/span><\/p>\n<p style=\"text-align:justify; margin-bottom:11px\"><span style=\"background:white\">&#8211; Ovo je jedan od najve\u0107ih projekata na ovom podru\u010dju koji sa sobom nosi niz izazova. Koncem ovog i tijekom osmog mjeseca planira se i asfaltiranje ulica &ndash; rekao je Tomislav \u0160uta u uvodnom dijelu,&nbsp; a neke od njih jesu Put Zagoraca i Ulica Gaje Raduni\u0107a u Ka\u0161tel Novom, Sinoko\u0161e u Ka\u0161tel Luk\u0161i\u0107u, Omi\u0161ka ulica u Ka\u0161tel Starom, Gospin put u Ka\u0161tel Su\u0107urcu te je dodao &ndash; Jedan od svakodnevnih izazova koji se pojavljuju na terenu jesu sami izvo\u0111a\u010di koji se u pojedinim situacijama ne pridr\u017eavaju rokova i nerije\u0161eni imovinsko-pravni odnosi. Projekti A1 i A0 idu svojom dinamikom i o\u010dekuje se ispunjenje obveza do po\u010detka ljeta 2023. godine, \u010dak i prije samog roka koji je prosinac iste godine.<\/span><\/p>\n<p style=\"text-align:justify; margin-bottom:11px\"><span style=\"background:white\">Vije\u0107nike je zanimao na\u010din rada na Aglomeraciji Ka\u0161tela &ndash; Trogir od strane Vodovoda kao i dinamika izvo\u0111enja istih.<\/span><\/p>\n<p style=\"text-align:justify; margin-bottom:11px\"><span style=\"background:white\">Vije\u0107nika Gorana Samard\u017ei\u0107a zanimalo je \u0161to se radi po pitanju nesnosnog smrada fekalija koji je problem zadnjih nekoliko godina,&nbsp; a na isto pitanje je prije nekoliko godina dobio odgovor da \u0107e se smrad smanjiti priklju\u010dkom ve\u0107eg broja ku\u0107anstava na kanalizacijsku mre\u017eu te \u0161to je sa sankcioniranjem gra\u0111ana koji imaju sve uvjete za priklju\u010denje,&nbsp; a ne \u017eele se priklju\u010diti. Drugo pitanje odnosilo se na prekora\u010denje roka koje je odre\u0111eno ugovorom, odnosno koje su eventualne posljedice istog.<\/span><\/p>\n<p style=\"text-align:justify; margin-bottom:11px\"><span style=\"background:white\">Vije\u0107nica Meri \u0160kopljanac je postavila pitanja koja su se odnosila na samo poskupljenje materijala te ho\u0107e li prora\u010dunom biti pokriven novi dio mre\u017ee, kao i je li Strabag zbog razlike u cijeni zatra\u017eio da mu se plati dodatno te je li sve to pokriveno ugovorom, kao i kasne li isplate Strabag-u. <\/span><\/p>\n<p style=\"text-align:justify; margin-bottom:11px\"><span style=\"background:white\">Vije\u0107nik Teo Antunovi\u0107 se osvrnuo na asfaltiranje ulica koje su gotove, a jo\u0161 uvijek se \u010deka na isto, primjerice Gospin put u Ka\u0161tel Su\u0107urcu te zaustavljanje radova na pojedinim dionicama kao i otvorene \u0161ahte koje predstavljaju opasnost.<\/span><\/p>\n<p style=\"text-align:justify; margin-bottom:11px\"><span style=\"background:white\">Vije\u0107nik \u017deljan Jurlin je postavio pitanje odgovornosti za ne dovr\u0161etak cesta, primjerice Gospinog puta te \u0161ahte koje su otvorene, puknute,&nbsp; a nema znaka opasnosti ili nisu sanirane. <\/span><\/p>\n<p style=\"text-align:justify; margin-bottom:11px\"><span style=\"background:white\">Vije\u0107nica Milija Baldi\u0107-Luk\u0161i\u0107 se tako\u0111er osvrnula na ispu\u0161tanje fekalija, pitanje odgovornosti koje se odnosi na zavr\u0161enu ulicu, a uo\u010deni su nedostatci na istoj te koja dokumentacija je potrebna za po\u010detak radova u ulicama. <\/span><\/p>\n<p style=\"text-align:justify; margin-bottom:11px\"><span style=\"background:white\">Za\u0161to se po zavr\u0161etku radova dugo \u010deka na priklju\u010dak ku\u0107anstva na &nbsp;kanalizaciju, koliko \u0107e posto gra\u0111ana biti spojeno na vodu i kanalizaciju zavr\u0161etkom projekta, koji dijelovi grada Ka\u0161tela ne\u0107e biti spojeni i \u0161to s tim gra\u0111anima Ka\u0161tela, kakvo je stanje za vodu za stanovnike uz Mala\u010dku &ndash; zanimalo je vije\u0107nika Marija Serajli\u0107a, a postoji li model ka\u017enjavanja izvo\u0111a\u010da radova, \u0161to je sa starim priklju\u010dcima te na koji na\u010din \u0107e se oni priklju\u010diti Aglomeraciji &ndash; zanimalo je vije\u0107nika Komljena.<\/span><\/p>\n<p style=\"text-align:justify; margin-bottom:11px\"><span style=\"background:white\">Vije\u0107nik Josip Berket je predlo\u017eio da se vije\u0107nicima odgovori pisanim putem na postavljena pitanja do slijede\u0107eg Gradskog vije\u0107a. <\/span><\/p>\n<p style=\"text-align:justify; margin-bottom:11px\"><span style=\"background:white\">Direktor Tomislav \u0160uta je potvrdio da \u0107e na sva pitanja odgovoriti pisanim putem.<\/span><\/p>\n<p style=\"text-align:justify; margin-bottom:11px\"><span style=\"background:white\">Gradona\u010delnik Denis Ivanovi\u0107 je istaknuo dobru svakodnevnu komunikaciju s Vodovodom te dodao da zainteresirani gra\u0111ani mogu osim \u010detvrtkom, a sada i utorkom u vremenu od 10 do 12 sati u prizemlju zgrade biv\u0161e Kemijske \u0161kole dobiti potrebne informacije o radovima na projektu kod slu\u017ebenika Vodovoda.<\/span><\/p>\n","protected":false},"excerpt":{"rendered":"<p>U Gradskoj vije\u0107nici 25. srpnja odr\u017eana je 8. sjednica Gradskog vije\u0107a. Direktor Vodovoda i kanalizacije Tomislav \u0160uta prisustvovao je sjednici [&hellip;]<\/p>\n","protected":false},"author":7,"featured_media":2953,"comment_status":"closed","ping_status":"open","sticky":false,"template":"","format":"standard","meta":{"_acf_changed":false,"footnotes":""},"categories":[1],"tags":[],"class_list":["post-2952","post","type-post","status-publish","format-standard","has-post-thumbnail","hentry","category-novosti"],"acf":[],"_links":{"self":[{"href":"https:\/\/kastela.hr\/en\/wp-json\/wp\/v2\/posts\/2952","targetHints":{"allow":["GET"]}}],"collection":[{"href":"https:\/\/kastela.hr\/en\/wp-json\/wp\/v2\/posts"}],"about":[{"href":"https:\/\/kastela.hr\/en\/wp-json\/wp\/v2\/types\/post"}],"author":[{"embeddable":true,"href":"https:\/\/kastela.hr\/en\/wp-json\/wp\/v2\/users\/7"}],"replies":[{"embeddable":true,"href":"https:\/\/kastela.hr\/en\/wp-json\/wp\/v2\/comments?post=2952"}],"version-history":[{"count":1,"href":"https:\/\/kastela.hr\/en\/wp-json\/wp\/v2\/posts\/2952\/revisions"}],"predecessor-version":[{"id":6672,"href":"https:\/\/kastela.hr\/en\/wp-json\/wp\/v2\/posts\/2952\/revisions\/6672"}],"wp:featuredmedia":[{"embeddable":true,"href":"https:\/\/kastela.hr\/en\/wp-json\/wp\/v2\/media\/2953"}],"wp:attachment":[{"href":"https:\/\/kastela.hr\/en\/wp-json\/wp\/v2\/media?parent=2952"}],"wp:term":[{"taxonomy":"category","embeddable":true,"href":"https:\/\/kastela.hr\/en\/wp-json\/wp\/v2\/categories?post=2952"},{"taxonomy":"post_tag","embeddable":true,"href":"https:\/\/kastela.hr\/en\/wp-json\/wp\/v2\/tags?post=2952"}],"curies":[{"name":"wp","href":"https:\/\/api.w.org\/{rel}","templated":true}]}}