{"id":2949,"date":"2022-07-27T14:29:00","date_gmt":"2022-07-27T12:29:00","guid":{"rendered":"https:\/\/kastela.hr\/en\/2022\/07\/27\/promjena-lokacije-djecje-predstave-hrvatske-vile-i-vjestice\/"},"modified":"2024-08-29T10:47:38","modified_gmt":"2024-08-29T08:47:38","slug":"promjena-lokacije-djecje-predstave-hrvatske-vile-i-vjestice","status":"publish","type":"post","link":"https:\/\/kastela.hr\/en\/2022\/07\/27\/promjena-lokacije-djecje-predstave-hrvatske-vile-i-vjestice\/","title":{"rendered":"Promjena lokacije dje\u010dje predstave &#8216;Hrvatske vile i vje\u0161tice&#8217;"},"content":{"rendered":"<p>Zbog nepovoljnih vremenskih uvjeta obavje\u0161tavamo vas da <strong>dje\u010dja predstava &quot;Hrvatske vile i vje\u0161tice&quot;<\/strong> koja je predvi\u0111ena na lokaciji Dudanovog parka u Ka\u0161tel Kambelovcu<strong> s po\u010detkom u 20.30 sati<\/strong> biti \u0107e odr\u017eana u isto vrijeme, ali u <strong>Pastoralnom centru u Ka\u0161tel Luk\u0161i\u0107u.<\/strong><\/p>\n","protected":false},"excerpt":{"rendered":"<p>Zbog nepovoljnih vremenskih uvjeta obavje\u0161tavamo vas da dje\u010dja predstava &quot;Hrvatske vile i vje\u0161tice&quot; koja je predvi\u0111ena na lokaciji Dudanovog parka [&hellip;]<\/p>\n","protected":false},"author":7,"featured_media":2950,"comment_status":"closed","ping_status":"open","sticky":false,"template":"","format":"standard","meta":{"_acf_changed":false,"footnotes":""},"categories":[1],"tags":[],"class_list":["post-2949","post","type-post","status-publish","format-standard","has-post-thumbnail","hentry","category-novosti"],"acf":[],"_links":{"self":[{"href":"https:\/\/kastela.hr\/en\/wp-json\/wp\/v2\/posts\/2949","targetHints":{"allow":["GET"]}}],"collection":[{"href":"https:\/\/kastela.hr\/en\/wp-json\/wp\/v2\/posts"}],"about":[{"href":"https:\/\/kastela.hr\/en\/wp-json\/wp\/v2\/types\/post"}],"author":[{"embeddable":true,"href":"https:\/\/kastela.hr\/en\/wp-json\/wp\/v2\/users\/7"}],"replies":[{"embeddable":true,"href":"https:\/\/kastela.hr\/en\/wp-json\/wp\/v2\/comments?post=2949"}],"version-history":[{"count":1,"href":"https:\/\/kastela.hr\/en\/wp-json\/wp\/v2\/posts\/2949\/revisions"}],"predecessor-version":[{"id":6671,"href":"https:\/\/kastela.hr\/en\/wp-json\/wp\/v2\/posts\/2949\/revisions\/6671"}],"wp:featuredmedia":[{"embeddable":true,"href":"https:\/\/kastela.hr\/en\/wp-json\/wp\/v2\/media\/2950"}],"wp:attachment":[{"href":"https:\/\/kastela.hr\/en\/wp-json\/wp\/v2\/media?parent=2949"}],"wp:term":[{"taxonomy":"category","embeddable":true,"href":"https:\/\/kastela.hr\/en\/wp-json\/wp\/v2\/categories?post=2949"},{"taxonomy":"post_tag","embeddable":true,"href":"https:\/\/kastela.hr\/en\/wp-json\/wp\/v2\/tags?post=2949"}],"curies":[{"name":"wp","href":"https:\/\/api.w.org\/{rel}","templated":true}]}}