{"id":2946,"date":"2022-08-01T03:58:00","date_gmt":"2022-08-01T01:58:00","guid":{"rendered":"https:\/\/kastela.hr\/en\/2022\/08\/01\/koncertni-sastav-level-one-otvorenje-manifestacije-legenda-o-miljenku-i-dobrili-koncert-povodom-oluje-izlozba-u-vitturiju-i-glazbene-veceri-kod-svetog-jeronima\/"},"modified":"2024-08-29T10:47:38","modified_gmt":"2024-08-29T08:47:38","slug":"koncertni-sastav-level-one-otvorenje-manifestacije-legenda-o-miljenku-i-dobrili-koncert-povodom-oluje-izlozba-u-vitturiju-i-glazbene-veceri-kod-svetog-jeronima","status":"publish","type":"post","link":"https:\/\/kastela.hr\/en\/2022\/08\/01\/koncertni-sastav-level-one-otvorenje-manifestacije-legenda-o-miljenku-i-dobrili-koncert-povodom-oluje-izlozba-u-vitturiju-i-glazbene-veceri-kod-svetog-jeronima\/","title":{"rendered":"Koncertni sastav &#8216;Level one&#8217;, otvorenje manifestacije &#8216;Legenda o Miljenku i Dobrili&#8217;, koncert povodom Oluje, izlo\u017eba u Vitturiju i Glazbene ve\u010deri kod svetog Jeronima"},"content":{"rendered":"<p style=\"margin-bottom:11px\">U ponedjeljak, 1. kolovoza, u\u017eivajte u koncertnim hitovima zlatne glazbene ere britanskih izvo\u0111a\u010da 70-ih, 80-ih i 90-ih godina pod nazivom &bdquo;British golden hits&ldquo; u izvedbi koncertnog sastava Level One u Dudanovom parku u Ka\u0161tel Kambelovcu s po\u010detkom u 21 sat.<\/p>\n<p style=\"margin-bottom:11px\">U utorak, 2. kolovoza, slijedi sve\u010danost otvaranja uz glazbeno-scenski program &bdquo;Legenda o Miljenku i Dobrili&ldquo; u izvedbi Ane Rucner i glumaca u Novom parku u Ka\u0161tel Luk\u0161i\u0107u s po\u010detkom u 21 sat.<\/p>\n<p style=\"margin-bottom:11px\">U srijedu, 3. kolovoza, u ka\u0161tel Vitturiju u Ka\u0161tel Luk\u0161i\u0107u&nbsp; s po\u010detkom u 20 sati, pogledajte izlo\u017ebu autorice dr. sc. Kornelije A. Giunio i vi\u0161e kustosice Timke Alihod\u017ei\u0107 Arheolo\u0161kog muzeja u Zadru pod nazivom &bdquo;Pogrebi i stari obi\u010daji starog Rima&ldquo;.<\/p>\n<p style=\"margin-bottom:11px\">Povodom Dana pobjede, domovinske zahvalnosti i Dana hrvatskih branitelja u organizaciji HVIDR-e Ka\u0161tela i Grada Ka\u0161tela, u \u010detvrtak, 4. kolovoza, u\u017eivajte u koncertnom programu na Portu u Ka\u0161tel Starom s po\u010detkom u 20 sati.<\/p>\n<p style=\"margin-bottom:11px\">I za kraj tjedna, Glazbene ve\u010deri kod svetog Jeronima!<\/p>\n<p style=\"margin-bottom:11px\">U nedjelju, 7. kolovoza, ispred stare crkvice sv. Jeronima u Ka\u0161tel Gomilici u organizaciji Udruge sv. Jeronim s po\u010detkom u 20.30 sati u\u017eivajte u cjelove\u010dernjem koncertu u izvedbi baroknog ansambla &bdquo;Ars Longa&ldquo;.<\/p>\n","protected":false},"excerpt":{"rendered":"<p>U ponedjeljak, 1. kolovoza, u\u017eivajte u koncertnim hitovima zlatne glazbene ere britanskih izvo\u0111a\u010da 70-ih, 80-ih i 90-ih godina pod nazivom [&hellip;]<\/p>\n","protected":false},"author":7,"featured_media":2947,"comment_status":"closed","ping_status":"open","sticky":false,"template":"","format":"standard","meta":{"_acf_changed":false,"footnotes":""},"categories":[1],"tags":[],"class_list":["post-2946","post","type-post","status-publish","format-standard","has-post-thumbnail","hentry","category-novosti"],"acf":[],"_links":{"self":[{"href":"https:\/\/kastela.hr\/en\/wp-json\/wp\/v2\/posts\/2946","targetHints":{"allow":["GET"]}}],"collection":[{"href":"https:\/\/kastela.hr\/en\/wp-json\/wp\/v2\/posts"}],"about":[{"href":"https:\/\/kastela.hr\/en\/wp-json\/wp\/v2\/types\/post"}],"author":[{"embeddable":true,"href":"https:\/\/kastela.hr\/en\/wp-json\/wp\/v2\/users\/7"}],"replies":[{"embeddable":true,"href":"https:\/\/kastela.hr\/en\/wp-json\/wp\/v2\/comments?post=2946"}],"version-history":[{"count":1,"href":"https:\/\/kastela.hr\/en\/wp-json\/wp\/v2\/posts\/2946\/revisions"}],"predecessor-version":[{"id":6670,"href":"https:\/\/kastela.hr\/en\/wp-json\/wp\/v2\/posts\/2946\/revisions\/6670"}],"wp:featuredmedia":[{"embeddable":true,"href":"https:\/\/kastela.hr\/en\/wp-json\/wp\/v2\/media\/2947"}],"wp:attachment":[{"href":"https:\/\/kastela.hr\/en\/wp-json\/wp\/v2\/media?parent=2946"}],"wp:term":[{"taxonomy":"category","embeddable":true,"href":"https:\/\/kastela.hr\/en\/wp-json\/wp\/v2\/categories?post=2946"},{"taxonomy":"post_tag","embeddable":true,"href":"https:\/\/kastela.hr\/en\/wp-json\/wp\/v2\/tags?post=2946"}],"curies":[{"name":"wp","href":"https:\/\/api.w.org\/{rel}","templated":true}]}}