{"id":2940,"date":"2022-08-05T02:34:00","date_gmt":"2022-08-05T00:34:00","guid":{"rendered":"https:\/\/kastela.hr\/en\/2022\/08\/05\/cestitka-povodom-dana-pobjede-domovinske-zahvalnosti-i-dana-hrvatskih-branitelja\/"},"modified":"2024-08-29T10:47:38","modified_gmt":"2024-08-29T08:47:38","slug":"cestitka-povodom-dana-pobjede-domovinske-zahvalnosti-i-dana-hrvatskih-branitelja","status":"publish","type":"post","link":"https:\/\/kastela.hr\/en\/2022\/08\/05\/cestitka-povodom-dana-pobjede-domovinske-zahvalnosti-i-dana-hrvatskih-branitelja\/","title":{"rendered":"\u010cestitka povodom Dana pobjede, domovinske zahvalnosti i Dana hrvatskih branitelja"},"content":{"rendered":"<p>U sje\u0107anje na vojno-redarstvenu akciju Oluja u kojoj je oslobo\u0111en najve\u0107i dio zaposjednutoga hrvatskog teritorija, Hrvatska 5. kolovoza slavi Dan pobjede i domovinske zahvalnosti te Dan hrvatskih branitelja.<br \/>\nS po\u0161tovanjem i zahvalno\u0161\u0107u odajemo po\u010dast svim hrvatskim braniteljima i njihovim obiteljima, a posebno onima koji su polo\u017eili svoje \u017eivote za hrvatski narod i Domovinu.<br \/>\nSvim gra\u0111ankama i gra\u0111anima grada Ka\u0161tela&nbsp;te braniteljima Republike Hrvatske \u010destitamo Dan pobjede, domovinske zahvalnosti i&nbsp;Dan hrvatskih branitelja!<\/p>\n<p>Denis Ivanovi\u0107, gradona\u010delnik<br \/>\nIvan Udovi\u010di\u0107, predsjednik Gradskog vije\u0107a<\/p>\n","protected":false},"excerpt":{"rendered":"<p>U sje\u0107anje na vojno-redarstvenu akciju Oluja u kojoj je oslobo\u0111en najve\u0107i dio zaposjednutoga hrvatskog teritorija, Hrvatska 5. kolovoza slavi Dan [&hellip;]<\/p>\n","protected":false},"author":7,"featured_media":2941,"comment_status":"closed","ping_status":"open","sticky":false,"template":"","format":"standard","meta":{"_acf_changed":false,"footnotes":""},"categories":[1],"tags":[],"class_list":["post-2940","post","type-post","status-publish","format-standard","has-post-thumbnail","hentry","category-novosti"],"acf":[],"_links":{"self":[{"href":"https:\/\/kastela.hr\/en\/wp-json\/wp\/v2\/posts\/2940","targetHints":{"allow":["GET"]}}],"collection":[{"href":"https:\/\/kastela.hr\/en\/wp-json\/wp\/v2\/posts"}],"about":[{"href":"https:\/\/kastela.hr\/en\/wp-json\/wp\/v2\/types\/post"}],"author":[{"embeddable":true,"href":"https:\/\/kastela.hr\/en\/wp-json\/wp\/v2\/users\/7"}],"replies":[{"embeddable":true,"href":"https:\/\/kastela.hr\/en\/wp-json\/wp\/v2\/comments?post=2940"}],"version-history":[{"count":1,"href":"https:\/\/kastela.hr\/en\/wp-json\/wp\/v2\/posts\/2940\/revisions"}],"predecessor-version":[{"id":6668,"href":"https:\/\/kastela.hr\/en\/wp-json\/wp\/v2\/posts\/2940\/revisions\/6668"}],"wp:featuredmedia":[{"embeddable":true,"href":"https:\/\/kastela.hr\/en\/wp-json\/wp\/v2\/media\/2941"}],"wp:attachment":[{"href":"https:\/\/kastela.hr\/en\/wp-json\/wp\/v2\/media?parent=2940"}],"wp:term":[{"taxonomy":"category","embeddable":true,"href":"https:\/\/kastela.hr\/en\/wp-json\/wp\/v2\/categories?post=2940"},{"taxonomy":"post_tag","embeddable":true,"href":"https:\/\/kastela.hr\/en\/wp-json\/wp\/v2\/tags?post=2940"}],"curies":[{"name":"wp","href":"https:\/\/api.w.org\/{rel}","templated":true}]}}