{"id":2935,"date":"2022-08-06T08:09:00","date_gmt":"2022-08-06T06:09:00","guid":{"rendered":"https:\/\/kastela.hr\/en\/2022\/08\/06\/sjecanje-na-veljka-rogosica-hrvatskog-plivackog-maratonca-rodenog-kastelanina\/"},"modified":"2024-08-29T10:47:38","modified_gmt":"2024-08-29T08:47:38","slug":"sjecanje-na-veljka-rogosica-hrvatskog-plivackog-maratonca-rodenog-kastelanina","status":"publish","type":"post","link":"https:\/\/kastela.hr\/en\/2022\/08\/06\/sjecanje-na-veljka-rogosica-hrvatskog-plivackog-maratonca-rodenog-kastelanina\/","title":{"rendered":"Sje\u0107anje na Veljka Rogo\u0161i\u0107a, hrvatskog pliva\u010dkog maratonca, ro\u0111enog Ka\u0161telanina"},"content":{"rendered":"<p style=\"margin-bottom:20px; text-align:justify\"><span style=\"background:white\"><span style=\"vertical-align:baseline\">Rogo\u0161i\u0107 je ro\u0111en 21. srpnja 1941. godine u Ka\u0161tel Luk\u0161i\u0107u, gdje je \u017eivio od ro\u0111enja pa sve do 1963. godine, a od 1997. nadalje ponovno je \u017eivio u svom rodnom mjestu. Po zanimanju je bio brodogra\u0111evni tehni\u010dar, zavr\u0161io je studij organizacijskih nauka i bio je profesor za rehabilitaciju ozlije\u0111enih.<\/span><\/span><\/p>\n<p style=\"margin-bottom:20px; text-align:justify\"><span style=\"background:white\"><span style=\"vertical-align:baseline\">Mla\u0111e generacije znaju za Rogo\u0161i\u0107a kao za najstarijeg pliva\u010da i prvog Hrvata koji je preplivao La Manche ili kao prvog \u010dovjeka koji se usudio otplivati uzdu\u017e Jadrana: od najsjevernije to\u010dke, Savudrije, pa sve do krajnjeg juga, Prevlake. Oni stariji Rogo\u0161i\u0107a pamte kao legendu maratonskog plivanja i jednog od najpopularnijih sporta\u0161a u biv\u0161oj Jugoslaviji.<\/span><\/span><\/p>\n<p style=\"margin-bottom:20px; text-align:justify\"><span style=\"background:white\"><span style=\"vertical-align:baseline\">Bio je \u010detverostruki prvak svijeta, vi\u0161estruki svjetski rekorder, sedam puta progla\u0161en za najboljeg maratonca svijeta, \u010dlan Ku\u0107e slavnih u ameri\u010dkom Landerdalu, prvi Hrvat koji je preplivao La Manche 2004. godine, svjetski rekorder u etapnom plivanju.<\/span><\/span><\/p>\n<p style=\"margin-bottom:26px; text-align:justify\"><span style=\"background:white\">Dana 22. srpnja 2008. godine preplivao je Sredozemno more&nbsp;izme\u0111u Sicilije i rta Bon u Tunisu. Plivao je punih 50 sati i 26 minuta, a udaljenost od Sicilije do Tunisa je 171 kilometar.&nbsp;Sa Sicilije je krenuo na svoj 67. ro\u0111endan (nedjelja), da bi u utorak uspio doplivati do \u017eeljenog cilja, rta Bon u Africi. Bio je to njegov posljednji maraton zbog zdravstvenih problema s kojim se borio.<\/span><\/p>\n<p style=\"margin-bottom:26px; text-align:justify\"><span style=\"background:white\"><span style=\"background:white\">Nagradu Grada Ka\u0161tela za \u017eivotno djelo Veljko Rogo\u0161i\u0107 je dobio 2004. g., a po\u010dasnim gra\u0111aninom Ka\u0161tela progla\u0161en je 2011.&nbsp; godine, povelju mu je uru\u010dio tada\u0161nji gradona\u010delnik Josip Berket. <\/span><\/span><\/p>\n<p style=\"text-align:justify; margin-bottom:13px\"><span style=\"background:white\">Odlukom Predsjednika Republike Hrvatske &nbsp;i Vrhovnog zapovjednika Oru\u017eanih snaga Republike Hrvatske Franje Tu\u0111mana dodijeljena mu je Spomenica Domovinskog rata i \u010din poru\u010dnika fregate. <\/span><\/p>\n<p style=\"text-align:justify; margin-bottom:13px\"><span style=\"background:white\">Odlikovan je od predsjednika Republike Hrvatske Stjepana Mesi\u0107a 2002. godine redom Danice Hrvatske s likom Franje Bu\u010dara za sportska dostignu\u0107a.<\/span><\/p>\n<p style=\"text-align:justify; margin-bottom:13px\"><span style=\"background:white\">Iste godine predsjednik Stjepan Mesi\u0107 odlikuje ga Redom Hrvatskog trolista za zasluge u Domovinskom ratu gdje je slu\u017eio u podvodnim diverzantima Hrvatske ratne mornarice. &nbsp;<\/span><\/p>\n<p style=\"margin-bottom:26px; text-align:justify\"><span style=\"background:white\">Nakon duge i te\u0161ke bolesti preminuo je 7. kolovoza 2012. godine. Veljko Rogo\u0161i\u0107, od milja zvan Morski \u010dovik, zauvijek \u0107e ostati jedno od najpoznatijih imena hrvatskog plivanja.<\/span><\/p>\n<p style=\"margin-bottom:26px; text-align:justify\"><span style=\"background:white\">Povodom desete obljetnice smrti zaslu\u017enog gra\u0111anina grada Ka\u0161tela i hrvatskog branitelja Veljka Rogo\u0161i\u0107a, gradona\u010delnik grada Ka\u0161tela Denis Ivanovi\u0107 i njegova zamjenica Jadranka Matok-Bosan\u010di\u0107 polo\u017eili su cvije\u0107e i upalili svije\u0107e na mjestu njegovog posljednjeg po\u010divali\u0161ta na groblju u Ka\u0161tel Luk\u0161i\u0107u. <\/span><\/p>\n","protected":false},"excerpt":{"rendered":"<p>Rogo\u0161i\u0107 je ro\u0111en 21. srpnja 1941. godine u Ka\u0161tel Luk\u0161i\u0107u, gdje je \u017eivio od ro\u0111enja pa sve do 1963. godine, [&hellip;]<\/p>\n","protected":false},"author":7,"featured_media":2936,"comment_status":"closed","ping_status":"open","sticky":false,"template":"","format":"standard","meta":{"_acf_changed":false,"footnotes":""},"categories":[1],"tags":[],"class_list":["post-2935","post","type-post","status-publish","format-standard","has-post-thumbnail","hentry","category-novosti"],"acf":[],"_links":{"self":[{"href":"https:\/\/kastela.hr\/en\/wp-json\/wp\/v2\/posts\/2935","targetHints":{"allow":["GET"]}}],"collection":[{"href":"https:\/\/kastela.hr\/en\/wp-json\/wp\/v2\/posts"}],"about":[{"href":"https:\/\/kastela.hr\/en\/wp-json\/wp\/v2\/types\/post"}],"author":[{"embeddable":true,"href":"https:\/\/kastela.hr\/en\/wp-json\/wp\/v2\/users\/7"}],"replies":[{"embeddable":true,"href":"https:\/\/kastela.hr\/en\/wp-json\/wp\/v2\/comments?post=2935"}],"version-history":[{"count":1,"href":"https:\/\/kastela.hr\/en\/wp-json\/wp\/v2\/posts\/2935\/revisions"}],"predecessor-version":[{"id":6667,"href":"https:\/\/kastela.hr\/en\/wp-json\/wp\/v2\/posts\/2935\/revisions\/6667"}],"wp:featuredmedia":[{"embeddable":true,"href":"https:\/\/kastela.hr\/en\/wp-json\/wp\/v2\/media\/2936"}],"wp:attachment":[{"href":"https:\/\/kastela.hr\/en\/wp-json\/wp\/v2\/media?parent=2935"}],"wp:term":[{"taxonomy":"category","embeddable":true,"href":"https:\/\/kastela.hr\/en\/wp-json\/wp\/v2\/categories?post=2935"},{"taxonomy":"post_tag","embeddable":true,"href":"https:\/\/kastela.hr\/en\/wp-json\/wp\/v2\/tags?post=2935"}],"curies":[{"name":"wp","href":"https:\/\/api.w.org\/{rel}","templated":true}]}}