{"id":2887,"date":"2022-09-21T10:21:00","date_gmt":"2022-09-21T08:21:00","guid":{"rendered":"https:\/\/kastela.hr\/en\/2022\/09\/21\/izgradnja-drugog-reciklaznog-dvorista-u-kastelima\/"},"modified":"2024-08-29T10:47:38","modified_gmt":"2024-08-29T08:47:38","slug":"izgradnja-drugog-reciklaznog-dvorista-u-kastelima","status":"publish","type":"post","link":"https:\/\/kastela.hr\/en\/2022\/09\/21\/izgradnja-drugog-reciklaznog-dvorista-u-kastelima\/","title":{"rendered":"Izgradnja drugog recikla\u017enog dvori\u0161ta u Ka\u0161telima"},"content":{"rendered":"<p style=\"text-align:justify; margin-bottom:11px\">Gradona\u010delnik Ka\u0161tela Denis Ivanovi\u0107 i direktor gradskog komunalnog poduze\u0107a Zeleno i modro Alen Lu\u010di\u0107 odr\u017eali su konferenciju za medije na kojoj su iznijeli informacije o projektu recikla\u017enog dvori\u0161ta u Ka\u0161tel Su\u0107urcu.<\/p>\n<p style=\"text-align:justify; margin-bottom:11px\">Naime, prije nekoliko godina otvoreno je recikla\u017eno dvori\u0161te u Rudinama, na zapadnom dijelu grada, a sada je u tijeku gradnja recikla\u017enog dvori\u0161ta na isto\u010dnom dijelu grada, u blizini upravne zgrade Cemex-a uz Cestu dr. Franje Tu\u0111mana. Radi se o zemlji\u0161tu od 2000 m<sup>2 <\/sup>koju je tvrtka Cemex dala u najam Gradu na razdoblje od deset godina. Vrijednost cijelog projekta izgradnje i opremanja je pet milijuna kuna, a zavr\u0161etak radova o\u010dekuje se koncem velja\u010de 2023. godine.<\/p>\n<p style=\"text-align:justify; margin-bottom:11px\">Kako je kazao direktor gradskog komunalnog poduze\u0107a Zeleno i modro Alen Lu\u010di\u0107, ne postoji opasnost od neugodnih mirisa ili od buke koja bi smanjila kvalitetu \u017eivota na ovom podru\u010dju. Gra\u0111ani imaju pravo na besplatno dovo\u017eenje i zbrinjavanje svih vrsta otpada koji ne idu redovnim odvozom otpada.<\/p>\n","protected":false},"excerpt":{"rendered":"<p>Gradona\u010delnik Ka\u0161tela Denis Ivanovi\u0107 i direktor gradskog komunalnog poduze\u0107a Zeleno i modro Alen Lu\u010di\u0107 odr\u017eali su konferenciju za medije na [&hellip;]<\/p>\n","protected":false},"author":7,"featured_media":2888,"comment_status":"closed","ping_status":"open","sticky":false,"template":"","format":"standard","meta":{"_acf_changed":false,"footnotes":""},"categories":[1],"tags":[],"class_list":["post-2887","post","type-post","status-publish","format-standard","has-post-thumbnail","hentry","category-novosti"],"acf":[],"_links":{"self":[{"href":"https:\/\/kastela.hr\/en\/wp-json\/wp\/v2\/posts\/2887","targetHints":{"allow":["GET"]}}],"collection":[{"href":"https:\/\/kastela.hr\/en\/wp-json\/wp\/v2\/posts"}],"about":[{"href":"https:\/\/kastela.hr\/en\/wp-json\/wp\/v2\/types\/post"}],"author":[{"embeddable":true,"href":"https:\/\/kastela.hr\/en\/wp-json\/wp\/v2\/users\/7"}],"replies":[{"embeddable":true,"href":"https:\/\/kastela.hr\/en\/wp-json\/wp\/v2\/comments?post=2887"}],"version-history":[{"count":1,"href":"https:\/\/kastela.hr\/en\/wp-json\/wp\/v2\/posts\/2887\/revisions"}],"predecessor-version":[{"id":6657,"href":"https:\/\/kastela.hr\/en\/wp-json\/wp\/v2\/posts\/2887\/revisions\/6657"}],"wp:featuredmedia":[{"embeddable":true,"href":"https:\/\/kastela.hr\/en\/wp-json\/wp\/v2\/media\/2888"}],"wp:attachment":[{"href":"https:\/\/kastela.hr\/en\/wp-json\/wp\/v2\/media?parent=2887"}],"wp:term":[{"taxonomy":"category","embeddable":true,"href":"https:\/\/kastela.hr\/en\/wp-json\/wp\/v2\/categories?post=2887"},{"taxonomy":"post_tag","embeddable":true,"href":"https:\/\/kastela.hr\/en\/wp-json\/wp\/v2\/tags?post=2887"}],"curies":[{"name":"wp","href":"https:\/\/api.w.org\/{rel}","templated":true}]}}