{"id":2819,"date":"2022-10-20T10:09:00","date_gmt":"2022-10-20T08:09:00","guid":{"rendered":"https:\/\/kastela.hr\/en\/2022\/10\/20\/kastelima-odobrena-bespovratna-sredstva-ukupne-vrijednosti-5-637-60000-hrk\/"},"modified":"2024-08-29T10:47:37","modified_gmt":"2024-08-29T08:47:37","slug":"kastelima-odobrena-bespovratna-sredstva-ukupne-vrijednosti-5-637-60000-hrk","status":"publish","type":"post","link":"https:\/\/kastela.hr\/en\/2022\/10\/20\/kastelima-odobrena-bespovratna-sredstva-ukupne-vrijednosti-5-637-60000-hrk\/","title":{"rendered":"Ka\u0161telima odobrena bespovratna sredstva ukupne vrijednosti 5.637.600,00 HRK"},"content":{"rendered":"<p style=\"text-align:justify; margin-bottom:11px\"><span style=\"text-justify:inter-ideograph\">U sklopu Poziva na dodjelu bespovratnih sredstava Izgradnja, dogradnja, rekonstrukcija i opremanje pred\u0161kolskih ustanova Gradu Ka\u0161tela su odobrena dva projektna prijedloga ukupne vrijednosti <b>4.896.000,00<\/b> HRK.<\/span><\/p>\n<p style=\"text-align:justify; margin-bottom:11px\"><span style=\"text-justify:inter-ideograph\">Preciznije, radi se o projektu dogradnje Dje\u010djeg vrti\u0107a Tre\u0161njica (1.224.000,00 HRK) i dogradnje i nadogradnje Dje\u010djeg vrti\u0107a Vi\u0161njica (3.672.000,00 HRK). U Tre\u0161njici se planira otvaranje jednog boravka jasli\u010dke skupine, dok se u Vi\u0161njici planiraju otvoriti dvije jasli\u010dke i jedna vrti\u0107ka skupina. <\/span><\/p>\n<p style=\"text-align:justify; margin-bottom:11px\"><span style=\"text-justify:inter-ideograph\">Dobivena bespovratna sredstva iz Nacionalnog plana oporavka i otpornosti \u010dine potreban dio za ostvarenje investicija, dok \u0107e se ostatak potrebnih sredstava osigurati iz Prora\u010duna Grada Ka\u0161tela.<\/span><\/p>\n<p style=\"text-align:justify; margin-bottom:11px\"><span style=\"text-justify:inter-ideograph\">&bdquo;Sve ovo je dokaz da Grad itekako skrbi o na\u0161im najmla\u0111ima sugra\u0111anima, a to je samo dio aktivne demografske politike kojom se \u017eeli zadr\u017eati pozitivan prirodni prirast. Planiranim investicijama otvara se 36 jasli\u010dkih i 20 vrti\u0107kih mjesta \u0161to \u0107e pove\u0107ati postoje\u0107e kapacitete i pru\u017eiti na\u0161oj djeci opremljene i suvremene dnevne boravke. Grad \u0107e i ubudu\u0107e pratiti Pozive i biti vrlo aktivan u prijavljivanju s ciljem daljnjeg razvoja Grada&ldquo; &ndash; gradona\u010delnik Denis Ivanovi\u0107.<\/span><\/p>\n<p style=\"text-align:justify; margin-bottom:11px\"><span style=\"text-justify:inter-ideograph\">Uz brigu za budu\u0107nost, Grad Ka\u0161tela se brine i za one koji su utkali svoj trud i rad u razvoj grada. Ju\u010der je potpisan Ugovor iz Poziva <b>Za\u017eeli &ndash; faza III<\/b>. Projektom \u0107e se zaposliti 15 \u017eena iz te\u017ee zapo\u0161ljivih skupina, te \u0107e se nastaviti pru\u017eati skrb za najmanje 90 starijih i\/ili nemo\u0107nih korisnika s podru\u010dja Grada. Kako je rekao ministar Pileti\u0107 &bdquo;Ovaj Poziv predstavlja premosnicu do raspisivanja Poziva iz omotnice nove perspektive koji je Republika Hrvatska dogovorila iz Europskog socijalnog fonda Plus&ldquo;. Gradu je ovo ve\u0107 drugi Projekt iz istog poziva, \u010diji su nastavak nestrpljivo \u010dekali i nezaposlene \u017eene i krajnji korisnici. Vrijednost projekta &bdquo;Za\u017eeli 2 &ndash; Grad Ka\u0161tela&ldquo; iznosi <b>741.600,00.<\/b> HRK.<\/span><\/p>\n","protected":false},"excerpt":{"rendered":"<p>U sklopu Poziva na dodjelu bespovratnih sredstava Izgradnja, dogradnja, rekonstrukcija i opremanje pred\u0161kolskih ustanova Gradu Ka\u0161tela su odobrena dva projektna [&hellip;]<\/p>\n","protected":false},"author":7,"featured_media":2820,"comment_status":"closed","ping_status":"open","sticky":false,"template":"","format":"standard","meta":{"_acf_changed":false,"footnotes":""},"categories":[1],"tags":[],"class_list":["post-2819","post","type-post","status-publish","format-standard","has-post-thumbnail","hentry","category-novosti"],"acf":[],"_links":{"self":[{"href":"https:\/\/kastela.hr\/en\/wp-json\/wp\/v2\/posts\/2819","targetHints":{"allow":["GET"]}}],"collection":[{"href":"https:\/\/kastela.hr\/en\/wp-json\/wp\/v2\/posts"}],"about":[{"href":"https:\/\/kastela.hr\/en\/wp-json\/wp\/v2\/types\/post"}],"author":[{"embeddable":true,"href":"https:\/\/kastela.hr\/en\/wp-json\/wp\/v2\/users\/7"}],"replies":[{"embeddable":true,"href":"https:\/\/kastela.hr\/en\/wp-json\/wp\/v2\/comments?post=2819"}],"version-history":[{"count":1,"href":"https:\/\/kastela.hr\/en\/wp-json\/wp\/v2\/posts\/2819\/revisions"}],"predecessor-version":[{"id":6640,"href":"https:\/\/kastela.hr\/en\/wp-json\/wp\/v2\/posts\/2819\/revisions\/6640"}],"wp:featuredmedia":[{"embeddable":true,"href":"https:\/\/kastela.hr\/en\/wp-json\/wp\/v2\/media\/2820"}],"wp:attachment":[{"href":"https:\/\/kastela.hr\/en\/wp-json\/wp\/v2\/media?parent=2819"}],"wp:term":[{"taxonomy":"category","embeddable":true,"href":"https:\/\/kastela.hr\/en\/wp-json\/wp\/v2\/categories?post=2819"},{"taxonomy":"post_tag","embeddable":true,"href":"https:\/\/kastela.hr\/en\/wp-json\/wp\/v2\/tags?post=2819"}],"curies":[{"name":"wp","href":"https:\/\/api.w.org\/{rel}","templated":true}]}}