{"id":2816,"date":"2022-10-25T10:46:00","date_gmt":"2022-10-25T08:46:00","guid":{"rendered":"https:\/\/kastela.hr\/en\/2022\/10\/25\/konstituirana-vijeca-mjesnih-odbora\/"},"modified":"2024-08-29T10:47:37","modified_gmt":"2024-08-29T08:47:37","slug":"konstituirana-vijeca-mjesnih-odbora","status":"publish","type":"post","link":"https:\/\/kastela.hr\/en\/2022\/10\/25\/konstituirana-vijeca-mjesnih-odbora\/","title":{"rendered":"Konstituirana vije\u0107a mjesnih odbora"},"content":{"rendered":"<p>Nakon odr\u017eanih izbora za Vije\u0107a mjesnih odbora u Ka\u0161telima odr\u017eane su konstituiraju\u0107e sjednice pa su&nbsp;tako u&nbsp;srijedu,&nbsp;19. listopada&nbsp;2022., odr\u017eane&nbsp;konstituiraju\u0107e sjednice Vije\u0107a Mjesnog odbora Ka\u0161tel \u0160tafili\u0107,&nbsp; Mjesnog odbora Ka\u0161tel Gomilice, Mjesnog odbora Radun,&nbsp;Mjesnog odbora Rudine i Mjesnog odbora Ka\u0161tel Novi.&nbsp;<\/p>\n<p>U \u010detvrtak, 20.&nbsp;listopada&nbsp;2022., odr\u017eane su konstituiraju\u0107e sjednice Vije\u0107a Mjesnog odbora Ka\u0161tel Su\u0107urac, Mjesnog odbora Ka\u0161tel Kambelovac, Mjesnog odbora Ka\u0161tel Stari.&nbsp;<\/p>\n<p>U ponedjeljak, 24. listopada 2022., odr\u017eana je konstituiraju\u0107a sjednica Vije\u0107a Mjesnog odbora Ka\u0161tel Luk\u0161i\u0107.&nbsp;<\/p>\n<p>Vije\u0107a mjesnih odbora smatraju se konstituiranima kada se izaberu njihovi predsjednici, a izabrani su:&nbsp;<\/p>\n<p>Mjesni&nbsp;odbor Ka\u0161tel Su\u0107urac &#8211; Josip Bonacin,<\/p>\n<p>Mjesni odbor Ka\u0161tel Gomilica &#8211; Ante Kapetanovi\u0107,<\/p>\n<p>Mjesni odbor Ka\u0161tel Kambelovac &#8211; Ante Garbati,<\/p>\n<p>Mjesni odbor Ka\u0161tel Luk\u0161i\u0107 &#8211; Dragan Klari\u0107,<\/p>\n<p>Mjesni odbor Radun &#8211; Mario \u0160ego,<\/p>\n<p>Mjesni odbor Ka\u0161tel Stari &#8211; Tina Runji\u0107 \u0106uk,<\/p>\n<p>Mjesni odbor Ka\u0161tel Novi &#8211; Anita Paj\u010di\u0107,<\/p>\n<p>Mjesni odbor Rudine &#8211; Antonio Budimir,<\/p>\n<p>Mjesni odbor Ka\u0161tel \u0160tafili\u0107 &#8211; Luka Pera.<\/p>\n<p>Mandat \u010dlanova Vije\u0107a traje \u010detiri godine.&nbsp;<\/p>\n<p>&nbsp;<\/p>\n","protected":false},"excerpt":{"rendered":"<p>Nakon odr\u017eanih izbora za Vije\u0107a mjesnih odbora u Ka\u0161telima odr\u017eane su konstituiraju\u0107e sjednice pa su&nbsp;tako u&nbsp;srijedu,&nbsp;19. listopada&nbsp;2022., odr\u017eane&nbsp;konstituiraju\u0107e sjednice Vije\u0107a [&hellip;]<\/p>\n","protected":false},"author":7,"featured_media":2817,"comment_status":"closed","ping_status":"open","sticky":false,"template":"","format":"standard","meta":{"_acf_changed":false,"footnotes":""},"categories":[1],"tags":[],"class_list":["post-2816","post","type-post","status-publish","format-standard","has-post-thumbnail","hentry","category-novosti"],"acf":[],"_links":{"self":[{"href":"https:\/\/kastela.hr\/en\/wp-json\/wp\/v2\/posts\/2816","targetHints":{"allow":["GET"]}}],"collection":[{"href":"https:\/\/kastela.hr\/en\/wp-json\/wp\/v2\/posts"}],"about":[{"href":"https:\/\/kastela.hr\/en\/wp-json\/wp\/v2\/types\/post"}],"author":[{"embeddable":true,"href":"https:\/\/kastela.hr\/en\/wp-json\/wp\/v2\/users\/7"}],"replies":[{"embeddable":true,"href":"https:\/\/kastela.hr\/en\/wp-json\/wp\/v2\/comments?post=2816"}],"version-history":[{"count":1,"href":"https:\/\/kastela.hr\/en\/wp-json\/wp\/v2\/posts\/2816\/revisions"}],"predecessor-version":[{"id":6639,"href":"https:\/\/kastela.hr\/en\/wp-json\/wp\/v2\/posts\/2816\/revisions\/6639"}],"wp:featuredmedia":[{"embeddable":true,"href":"https:\/\/kastela.hr\/en\/wp-json\/wp\/v2\/media\/2817"}],"wp:attachment":[{"href":"https:\/\/kastela.hr\/en\/wp-json\/wp\/v2\/media?parent=2816"}],"wp:term":[{"taxonomy":"category","embeddable":true,"href":"https:\/\/kastela.hr\/en\/wp-json\/wp\/v2\/categories?post=2816"},{"taxonomy":"post_tag","embeddable":true,"href":"https:\/\/kastela.hr\/en\/wp-json\/wp\/v2\/tags?post=2816"}],"curies":[{"name":"wp","href":"https:\/\/api.w.org\/{rel}","templated":true}]}}