{"id":2812,"date":"2022-10-27T04:30:00","date_gmt":"2022-10-27T02:30:00","guid":{"rendered":"https:\/\/kastela.hr\/en\/2022\/10\/27\/cemex-hrvatska-raspisala-natjecaj-za-dodjelu-ucenickih-i-studentskih-stipendija-mladima-iz-lokalne-zajednice\/"},"modified":"2024-08-29T10:47:37","modified_gmt":"2024-08-29T08:47:37","slug":"cemex-hrvatska-raspisala-natjecaj-za-dodjelu-ucenickih-i-studentskih-stipendija-mladima-iz-lokalne-zajednice","status":"publish","type":"post","link":"https:\/\/kastela.hr\/en\/2022\/10\/27\/cemex-hrvatska-raspisala-natjecaj-za-dodjelu-ucenickih-i-studentskih-stipendija-mladima-iz-lokalne-zajednice\/","title":{"rendered":"CEMEX Hrvatska raspisala natje\u010daj za dodjelu u\u010deni\u010dkih i studentskih stipendija mladima iz lokalne zajednice"},"content":{"rendered":"<p>CEMEX, kao vode\u0107a svjetska kompanija za proizvodnju gra\u0111evinskih materijala, otvorila je natje\u010daj za dodjelu u\u010deni\u010dkih i studentskih stipendija mladima s podru\u010dja Ka\u0161tela, Solina i Klisa.<\/p>\n<p>Stipendijom \u017eele potaknuti budu\u0107e stru\u010dnjake na razvoj i zapo\u0161ljavanje u struci u lokalnoj zajednici u kojoj su odrastali. Prijave traju do&nbsp;<strong>10. studenoga 2022. godine<\/strong>, a svi zainteresirani u\u010denici i studenti detalje natje\u010daja mogu prona\u0107i na poveznici&nbsp;<a href=\"https:\/\/www.cemex.hr\/stipendije\">Stipendije\/CEMEX Hrvatska<\/a>&nbsp;.<\/p>\n","protected":false},"excerpt":{"rendered":"<p>CEMEX, kao vode\u0107a svjetska kompanija za proizvodnju gra\u0111evinskih materijala, otvorila je natje\u010daj za dodjelu u\u010deni\u010dkih i studentskih stipendija mladima s [&hellip;]<\/p>\n","protected":false},"author":7,"featured_media":2813,"comment_status":"closed","ping_status":"open","sticky":false,"template":"","format":"standard","meta":{"_acf_changed":false,"footnotes":""},"categories":[1],"tags":[],"class_list":["post-2812","post","type-post","status-publish","format-standard","has-post-thumbnail","hentry","category-novosti"],"acf":[],"_links":{"self":[{"href":"https:\/\/kastela.hr\/en\/wp-json\/wp\/v2\/posts\/2812","targetHints":{"allow":["GET"]}}],"collection":[{"href":"https:\/\/kastela.hr\/en\/wp-json\/wp\/v2\/posts"}],"about":[{"href":"https:\/\/kastela.hr\/en\/wp-json\/wp\/v2\/types\/post"}],"author":[{"embeddable":true,"href":"https:\/\/kastela.hr\/en\/wp-json\/wp\/v2\/users\/7"}],"replies":[{"embeddable":true,"href":"https:\/\/kastela.hr\/en\/wp-json\/wp\/v2\/comments?post=2812"}],"version-history":[{"count":1,"href":"https:\/\/kastela.hr\/en\/wp-json\/wp\/v2\/posts\/2812\/revisions"}],"predecessor-version":[{"id":6638,"href":"https:\/\/kastela.hr\/en\/wp-json\/wp\/v2\/posts\/2812\/revisions\/6638"}],"wp:featuredmedia":[{"embeddable":true,"href":"https:\/\/kastela.hr\/en\/wp-json\/wp\/v2\/media\/2813"}],"wp:attachment":[{"href":"https:\/\/kastela.hr\/en\/wp-json\/wp\/v2\/media?parent=2812"}],"wp:term":[{"taxonomy":"category","embeddable":true,"href":"https:\/\/kastela.hr\/en\/wp-json\/wp\/v2\/categories?post=2812"},{"taxonomy":"post_tag","embeddable":true,"href":"https:\/\/kastela.hr\/en\/wp-json\/wp\/v2\/tags?post=2812"}],"curies":[{"name":"wp","href":"https:\/\/api.w.org\/{rel}","templated":true}]}}