{"id":2789,"date":"2022-10-28T09:27:00","date_gmt":"2022-10-28T07:27:00","guid":{"rendered":"https:\/\/kastela.hr\/en\/2022\/10\/28\/uoci-blagdana-svih-svetih-polozeni-vijenci-i-upaljene-svijece\/"},"modified":"2024-08-29T10:47:37","modified_gmt":"2024-08-29T08:47:37","slug":"uoci-blagdana-svih-svetih-polozeni-vijenci-i-upaljene-svijece","status":"publish","type":"post","link":"https:\/\/kastela.hr\/en\/2022\/10\/28\/uoci-blagdana-svih-svetih-polozeni-vijenci-i-upaljene-svijece\/","title":{"rendered":"Uo\u010di blagdana Svih svetih polo\u017eeni vijenci i upaljene svije\u0107e"},"content":{"rendered":"<p style=\"margin-bottom:16px; text-align:justify\"><span style=\"background:white\">Blagdan Svih svetih i Du\u0161ni dan dostojno su u Ka\u0161telima obilje\u017eeni i ove godine. Tradicionalno uo\u010di blagdana, polo\u017eeni su vijenci i zapaljene svije\u0107e za sve hrvatske branitelje i prvog hrvatskog predsjednika dr. Franju Tu\u0111mana. Izaslanstva Grada Ka\u0161tela, predstavnici brojnih udruga, kao i pojedinci,&nbsp;posjetili su spomenik prvom hrvatskom predsjedniku Franji Tu\u0111manu u Ka\u0161tel Luk\u0161i\u0107u te spomen obilje\u017eje u Memorijalnom parku na Mala\u010dkoj.<\/span><\/p>\n<p style=\"margin-bottom:16px; text-align:start\"><span style=\"background:white\"><span style=\"box-sizing:inherit\"><span style=\"font-variant-ligatures:normal\"><span style=\"text-decoration-thickness:initial\"><span style=\"text-decoration-style:initial\"><span style=\"text-decoration-color:initial\">Uz polaganje cvije\u0107a i paljenje svije\u0107a, predstavnici Grada Ka\u0161tela i Gradskog vije\u0107a, Udruge roditelja poginulih branitelja, i drugih udruga proisteklih iz Domovinskog rata, pojedinih civilnih udruga i politi\u010dkih stranaka, ovog su dana u Ka\u0161tel Luk\u0161i\u0107u i na Mala\u010dkoj uputili i duboke molitve za du\u0161e svih poginulih i umrlih branitelja i stvaratelja hrvatske dr\u017eave.<\/span><\/span><\/span><\/span><\/span><\/span><\/p>\n<p style=\"margin-bottom:16px; text-align:start\"><span style=\"background:white\"><span style=\"box-sizing:inherit\"><span style=\"font-variant-ligatures:normal\"><span style=\"text-decoration-thickness:initial\"><span style=\"text-decoration-style:initial\"><span style=\"text-decoration-color:initial\">Posebne molitve upu\u0107ene su i iz gradske vije\u0107nice u Ka\u0161tel Su\u0107urcu, gdje je odr\u017eana molitva odrje\u0161enja, a predvodio ju je \u017eupnik Ka\u0161tel Su\u0107urca don Ivan Deli\u0107.<\/span><\/span><\/span><\/span><\/span><\/span><\/p>\n","protected":false},"excerpt":{"rendered":"<p>Blagdan Svih svetih i Du\u0161ni dan dostojno su u Ka\u0161telima obilje\u017eeni i ove godine. Tradicionalno uo\u010di blagdana, polo\u017eeni su vijenci [&hellip;]<\/p>\n","protected":false},"author":7,"featured_media":2790,"comment_status":"closed","ping_status":"open","sticky":false,"template":"","format":"standard","meta":{"_acf_changed":false,"footnotes":""},"categories":[1],"tags":[],"class_list":["post-2789","post","type-post","status-publish","format-standard","has-post-thumbnail","hentry","category-novosti"],"acf":[],"_links":{"self":[{"href":"https:\/\/kastela.hr\/en\/wp-json\/wp\/v2\/posts\/2789","targetHints":{"allow":["GET"]}}],"collection":[{"href":"https:\/\/kastela.hr\/en\/wp-json\/wp\/v2\/posts"}],"about":[{"href":"https:\/\/kastela.hr\/en\/wp-json\/wp\/v2\/types\/post"}],"author":[{"embeddable":true,"href":"https:\/\/kastela.hr\/en\/wp-json\/wp\/v2\/users\/7"}],"replies":[{"embeddable":true,"href":"https:\/\/kastela.hr\/en\/wp-json\/wp\/v2\/comments?post=2789"}],"version-history":[{"count":1,"href":"https:\/\/kastela.hr\/en\/wp-json\/wp\/v2\/posts\/2789\/revisions"}],"predecessor-version":[{"id":6637,"href":"https:\/\/kastela.hr\/en\/wp-json\/wp\/v2\/posts\/2789\/revisions\/6637"}],"wp:featuredmedia":[{"embeddable":true,"href":"https:\/\/kastela.hr\/en\/wp-json\/wp\/v2\/media\/2790"}],"wp:attachment":[{"href":"https:\/\/kastela.hr\/en\/wp-json\/wp\/v2\/media?parent=2789"}],"wp:term":[{"taxonomy":"category","embeddable":true,"href":"https:\/\/kastela.hr\/en\/wp-json\/wp\/v2\/categories?post=2789"},{"taxonomy":"post_tag","embeddable":true,"href":"https:\/\/kastela.hr\/en\/wp-json\/wp\/v2\/tags?post=2789"}],"curies":[{"name":"wp","href":"https:\/\/api.w.org\/{rel}","templated":true}]}}