{"id":2759,"date":"2022-11-16T12:20:00","date_gmt":"2022-11-16T11:20:00","guid":{"rendered":"https:\/\/kastela.hr\/en\/2022\/11\/16\/dan-sjecanja-na-zrtve-domovinskog-rata-i-dan-sjecanja-na-zrtvu-vukovara-i-skabrnje-2\/"},"modified":"2024-08-29T10:47:37","modified_gmt":"2024-08-29T08:47:37","slug":"dan-sjecanja-na-zrtve-domovinskog-rata-i-dan-sjecanja-na-zrtvu-vukovara-i-skabrnje-2","status":"publish","type":"post","link":"https:\/\/kastela.hr\/en\/2022\/11\/16\/dan-sjecanja-na-zrtve-domovinskog-rata-i-dan-sjecanja-na-zrtvu-vukovara-i-skabrnje-2\/","title":{"rendered":"Dan sje\u0107anja na \u017ertve Domovinskog rata i Dan sje\u0107anja na \u017ertvu Vukovara i \u0160kabrnje"},"content":{"rendered":"<p style=\"margin-bottom:16px\"><span style=\"background:white\">U petak, 18. studenoga, Republika Hrvatska obilje\u017eava Dan sje\u0107anja na \u017ertve Domovinskog rata i Dan sje\u0107anja na \u017ertvu Vukovara i \u0160kabrnje.<\/span><\/p>\n<p style=\"margin-bottom:16px\"><span style=\"background:white\">Hrvatski Sabor donio je Zakon o progla\u0161enju Vukovara mjestom posebnog domovinskog pijeteta, te je 18. studenog, Dan sje\u0107anja na \u017ertve Domovinskog rata i Dan sje\u0107anja na \u017ertvu Vukovara i \u0160kabrnje utvr\u0111en blagdanom.<\/span><\/p>\n<p style=\"margin-bottom:16px; text-align:justify\"><span style=\"background:white\">Gra\u0111ani grada Ka\u0161tela pozvani su da paljenjem svije\u0107a odaju po\u010dast \u017ertvi Vukovara u Vukovarskoj ulici u Ka\u0161tel Starom u&nbsp;\u010detvrtak, 17. studenog, s po\u010detkom u&nbsp;16.45 sati.<\/span><\/p>\n<p style=\"margin-bottom:16px; text-align:justify\"><span style=\"background:white\">U Ka\u0161tel Su\u0107urcu, svije\u0107e \u0107e se paliti u ulici Vukovarskih heroja u \u010detvrtak, 17. studenog,&nbsp;nakon mise u crkvi sv. Jurja mu\u010denika koja po\u010dinje u&nbsp;18 sati.<\/span><\/p>\n<p style=\"margin-bottom:16px; text-align:justify\"><span style=\"background:white\">Prisjetimo se, bitka za Vukovar po\u010dela je 25. kolovoza 1991. godine, a zavr\u0161ila 18. studenoga 1991. godine slomom obrane grada. Tijekom agresije u Vukovaru je, prema podacima Hrvatskog sanitetskog sto\u017eera, do 19. studenoga 1991. godine poginulo 450 branitelja i 1350 civila, od toga 86 djece.<\/span><\/p>\n<p style=\"margin-bottom:16px; text-align:justify\"><span style=\"background:white\">\u0160kabrnja je, uz Vukovar, simbol stradanja Hrvatske u Domovinskom ratu. U \u0160kabrnji je 18. studenoga 1991. godine ubijeno i masakrirano 43 civila i 15 hrvatskih branitelja. Sveukupno u Domovinskom ratu, \u0160kabrnja je imala 55 civilnih \u017ertava i 25 poginulih branitelja. Nakon rata jo\u0161 je \u0161est mje\u0161tana stradalo od zaostalih minsko-eksplozivnih sredstava. Do oslobo\u0111enja mjesta u Oluji 1995. godine, u \u0160kabrnji je ubijeno 86 osoba.<\/span><\/p>\n","protected":false},"excerpt":{"rendered":"<p>U petak, 18. studenoga, Republika Hrvatska obilje\u017eava Dan sje\u0107anja na \u017ertve Domovinskog rata i Dan sje\u0107anja na \u017ertvu Vukovara i [&hellip;]<\/p>\n","protected":false},"author":7,"featured_media":2760,"comment_status":"closed","ping_status":"open","sticky":false,"template":"","format":"standard","meta":{"_acf_changed":false,"footnotes":""},"categories":[1],"tags":[],"class_list":["post-2759","post","type-post","status-publish","format-standard","has-post-thumbnail","hentry","category-novosti"],"acf":[],"_links":{"self":[{"href":"https:\/\/kastela.hr\/en\/wp-json\/wp\/v2\/posts\/2759","targetHints":{"allow":["GET"]}}],"collection":[{"href":"https:\/\/kastela.hr\/en\/wp-json\/wp\/v2\/posts"}],"about":[{"href":"https:\/\/kastela.hr\/en\/wp-json\/wp\/v2\/types\/post"}],"author":[{"embeddable":true,"href":"https:\/\/kastela.hr\/en\/wp-json\/wp\/v2\/users\/7"}],"replies":[{"embeddable":true,"href":"https:\/\/kastela.hr\/en\/wp-json\/wp\/v2\/comments?post=2759"}],"version-history":[{"count":1,"href":"https:\/\/kastela.hr\/en\/wp-json\/wp\/v2\/posts\/2759\/revisions"}],"predecessor-version":[{"id":6632,"href":"https:\/\/kastela.hr\/en\/wp-json\/wp\/v2\/posts\/2759\/revisions\/6632"}],"wp:featuredmedia":[{"embeddable":true,"href":"https:\/\/kastela.hr\/en\/wp-json\/wp\/v2\/media\/2760"}],"wp:attachment":[{"href":"https:\/\/kastela.hr\/en\/wp-json\/wp\/v2\/media?parent=2759"}],"wp:term":[{"taxonomy":"category","embeddable":true,"href":"https:\/\/kastela.hr\/en\/wp-json\/wp\/v2\/categories?post=2759"},{"taxonomy":"post_tag","embeddable":true,"href":"https:\/\/kastela.hr\/en\/wp-json\/wp\/v2\/tags?post=2759"}],"curies":[{"name":"wp","href":"https:\/\/api.w.org\/{rel}","templated":true}]}}