{"id":2750,"date":"2022-11-18T06:09:00","date_gmt":"2022-11-18T05:09:00","guid":{"rendered":"https:\/\/kastela.hr\/en\/2022\/11\/18\/upaljene-svijece-u-spomen-na-vukovar\/"},"modified":"2024-08-29T10:47:37","modified_gmt":"2024-08-29T08:47:37","slug":"upaljene-svijece-u-spomen-na-vukovar","status":"publish","type":"post","link":"https:\/\/kastela.hr\/en\/2022\/11\/18\/upaljene-svijece-u-spomen-na-vukovar\/","title":{"rendered":"Upaljene svije\u0107e u spomen na Vukovar"},"content":{"rendered":"<p style=\"margin-bottom:16px\"><span style=\"background:white\">Predstavnici Grada Ka\u0161tela i ove godine su tradicionalno zapalili svije\u0107e kod spomenika u Vukovarskoj ulici u Ka\u0161tel Starome, u spomen na Vukovar uo\u010di obilje\u017eavanja Dana sje\u0107anja na \u017ertve Domovinskog rata i Dana sje\u0107anja na \u017ertvu Vukovara i \u0160kabrnje.&nbsp;<\/span><\/p>\n<p style=\"margin-bottom:16px; text-align:start\"><span style=\"background:white\"><span style=\"box-sizing:inherit\"><span style=\"font-variant-ligatures:normal\"><span style=\"text-decoration-thickness:initial\"><span style=\"text-decoration-style:initial\"><span style=\"text-decoration-color:initial\">Okupljeni su se pomolili u sje\u0107anje na&nbsp;<\/span><\/span><\/span><\/span><\/span><\/span>sve one \u017ertve toga grada, sve \u017ertve \u0160kabrnje, svih hrvatskih branitelja, svih nestalih, svih onih koji su dali \u017eivot za na\u0161u domovinu prije trideset jednu godinu.<\/p>\n<p style=\"margin-bottom:16px\"><span style=\"background:white\">Svije\u0107e su upaljene i u Ka\u0161tel Su\u0107urcu, u Ulici vukovarskih heroja, i to nakon mise odr\u017eane u crkvi sv. Jurja Mu\u010denika.&nbsp;<\/span><\/p>\n","protected":false},"excerpt":{"rendered":"<p>Predstavnici Grada Ka\u0161tela i ove godine su tradicionalno zapalili svije\u0107e kod spomenika u Vukovarskoj ulici u Ka\u0161tel Starome, u spomen [&hellip;]<\/p>\n","protected":false},"author":7,"featured_media":2751,"comment_status":"closed","ping_status":"open","sticky":false,"template":"","format":"standard","meta":{"_acf_changed":false,"footnotes":""},"categories":[1],"tags":[],"class_list":["post-2750","post","type-post","status-publish","format-standard","has-post-thumbnail","hentry","category-novosti"],"acf":[],"_links":{"self":[{"href":"https:\/\/kastela.hr\/en\/wp-json\/wp\/v2\/posts\/2750","targetHints":{"allow":["GET"]}}],"collection":[{"href":"https:\/\/kastela.hr\/en\/wp-json\/wp\/v2\/posts"}],"about":[{"href":"https:\/\/kastela.hr\/en\/wp-json\/wp\/v2\/types\/post"}],"author":[{"embeddable":true,"href":"https:\/\/kastela.hr\/en\/wp-json\/wp\/v2\/users\/7"}],"replies":[{"embeddable":true,"href":"https:\/\/kastela.hr\/en\/wp-json\/wp\/v2\/comments?post=2750"}],"version-history":[{"count":1,"href":"https:\/\/kastela.hr\/en\/wp-json\/wp\/v2\/posts\/2750\/revisions"}],"predecessor-version":[{"id":6631,"href":"https:\/\/kastela.hr\/en\/wp-json\/wp\/v2\/posts\/2750\/revisions\/6631"}],"wp:featuredmedia":[{"embeddable":true,"href":"https:\/\/kastela.hr\/en\/wp-json\/wp\/v2\/media\/2751"}],"wp:attachment":[{"href":"https:\/\/kastela.hr\/en\/wp-json\/wp\/v2\/media?parent=2750"}],"wp:term":[{"taxonomy":"category","embeddable":true,"href":"https:\/\/kastela.hr\/en\/wp-json\/wp\/v2\/categories?post=2750"},{"taxonomy":"post_tag","embeddable":true,"href":"https:\/\/kastela.hr\/en\/wp-json\/wp\/v2\/tags?post=2750"}],"curies":[{"name":"wp","href":"https:\/\/api.w.org\/{rel}","templated":true}]}}