{"id":2744,"date":"2022-11-23T12:14:00","date_gmt":"2022-11-23T11:14:00","guid":{"rendered":"https:\/\/kastela.hr\/en\/2022\/11\/23\/sazvana-10-sjednica-gradskog-vijeca\/"},"modified":"2024-11-28T09:17:36","modified_gmt":"2024-11-28T08:17:36","slug":"sazvana-10-sjednica-gradskog-vijeca","status":"publish","type":"post","link":"https:\/\/kastela.hr\/en\/2022\/11\/23\/sazvana-10-sjednica-gradskog-vijeca\/","title":{"rendered":"Sazvana 10. sjednica Gradskog vije\u0107a"},"content":{"rendered":"<p>Predsjednik Gradskog vije\u0107a Ivan Udovi\u010di\u0107 sazvao je 10. sjednicu Gradskog vije\u0107a Grada Ka\u0161tela za dan 30. studenog (srijeda) 2022. g. u 10 sati u Gradskoj vije\u0107nici.&nbsp;<\/p>\n<p>Dnevni red se sastoji od dvadeset osam to\u010daka:<\/p>\n<div style=\"border:none black 1.0pt; padding:0cm 0cm 0cm 0cm\">\n<p style=\"border:none; text-align:justify; padding:0cm\">&nbsp; 1. Usvajanje Zapisnika s 9. sjednice Gradskog vije\u0107a<\/p>\n<p class=\"LO-Normal\" style=\"border:none; text-align:justify; padding:0cm\">&nbsp;&nbsp;2. Vije\u0107ni\u010dka pitanja i prijedlozi<\/p>\n<p class=\"LO-Normal\" style=\"border:none; padding:0cm\">&nbsp; 3. Prijedlog prora\u010duna Grada Ka\u0161tela za 2023. i projekcije za 2024. i 2025. godinu<\/p>\n<p class=\"LO-Normal\" style=\"border:none; padding:0cm\">&nbsp; 4. Prijedlog odluke o izvr\u0161avanju Prora\u010duna Grada Ka\u0161tela za 2023 . godinu<\/p>\n<p class=\"LO-Normal\" style=\"border:none; padding:0cm\">&nbsp;&nbsp;&nbsp;&nbsp;&nbsp; &#8211; Izvjestiteljica t.3. i t. 4: Matija Marija \u0110iki\u0107, pro\u010delnica Upravnog odjela za prora\u010dun, financije i naplatu prihoda<\/p>\n<p class=\"LO-Normal\" style=\"border:none; padding:0cm\">&nbsp; 5. Prijedlog programa gra\u0111enja objekata i ure\u0111aja komunalne infrastrukture za 2023. godinu<\/p>\n<p class=\"LO-Normal\" style=\"border:none; padding:0cm\">&nbsp; &nbsp;&nbsp;&nbsp;&nbsp;&#8211; Izvjestitelj: Ivica \u0160kopljanac, pro\u010delnik Upravnog odjela za komunalno gospodarstvo i imovinu<\/p>\n<p class=\"LO-Normal\" style=\"border:none; padding:0cm\">&nbsp; 6. Prijedlog programa odr\u017eavanja komunalne infrastrukture u&nbsp; Gradu Ka\u0161tela za 2023. godinu<\/p>\n<p class=\"LO-Normal\" style=\"border:none; padding:0cm\">&nbsp; &nbsp;&nbsp;&nbsp;&nbsp;&#8211; Izvjestitelji: Ivica \u0160kopljanac, pro\u010delnik Upravnog odjela za komunalno gospodarstvo i imovinu i Ivan&nbsp;\u010cagalj, upravitelj Vlastitog pogona<\/p>\n<p class=\"LO-Normal\" style=\"border:none; padding:0cm\">&nbsp;&nbsp;7. Prijedlog programa javnih potreba u socijalnoj skrbi i zdravstvenoj za\u0161titi&nbsp; Grada Ka\u0161tela za 2023. godinu<\/p>\n<p class=\"LO-Normal\" style=\"border:none; padding:0cm\">&nbsp; 8. Prijedlog programa javnih potreba u pred\u0161kolskom odgoju Grada Ka\u0161tela za&nbsp; 2023. godinu<\/p>\n<p class=\"LO-Normal\" style=\"border:none; padding:0cm\">&nbsp; 9. Prijedlog programa javnih potreba u obrazovanju Grada Ka\u0161tela za 2023. godinu<\/p>\n<p class=\"LO-Normal\" style=\"border:none; padding:0cm\">10. Prijedlog programa javnih potreba u \u0161portu Grada Ka\u0161tela za 2023. godinu<\/p>\n<p class=\"LO-Normal\" style=\"border:none; padding:0cm\">11. Prijedlog&nbsp; programa javnih potreba u tehni\u010dkoj kulturi Grada Ka\u0161tela za 2023. godinu<\/p>\n<p class=\"LO-Normal\" style=\"border:none; padding:0cm\">12. Prijedlog programa javnih potreba u kulturi Grada Ka\u0161tela za 2023. godinu<\/p>\n<p class=\"LO-Normal\" style=\"border:none; padding:0cm\">13. Prijedlog programa javnih potreba udruga gra\u0111ana, institucija, ustanova i vjerskih zajednica&nbsp;Grada Ka\u0161tela za 2023. godinu<\/p>\n<p class=\"LO-Normal\" style=\"border:none; padding:0cm\">14. Analiza stanja sustava civilne za\u0161tite na podru\u010dju Grada Ka\u0161tela u 2022. godini<\/p>\n<p style=\"border:none; padding:0cm\">15. Prijedlog plana razvoja sustava civilne za\u0161tite na podru\u010dju grada Ka\u0161tela za 2023. godinu.<\/p>\n<p class=\"LO-Normal\" style=\"border:none; padding:0cm\">16. Prijedlog programa javnih potreba u protupo\u017earnoj i civilnoj za\u0161titi Grada Ka\u0161tela za 2023. godinu<\/p>\n<p style=\"border:none; padding:0cm\">17. Prijedlog programa javnih potreba za obavljanje djelatnosti Stanice Hrvatske gorske slu\u017ebe spa\u0161avanja na&nbsp;podru\u010dju grada Ka\u0161tela za 2023. godinu<\/p>\n<\/div>\n<div style=\"border:none black 1.0pt; padding:0cm 0cm 0cm 0cm; margin-left:9px\">\n<p style=\"border:none; margin-left:9px; text-indent:-7.1pt; padding:0cm\">&nbsp;&nbsp; &#8211; Izvjestiteljica t. 7. do t. 17.: Antonia Kljai\u0107, pro\u010delnica Upravnog odjela za dru\u0161tvene djelatnosti i zajedni\u010dke poslove<\/p>\n<\/div>\n<div style=\"border:none black 1.0pt; padding:0cm 0cm 0cm 0cm\">\n<p class=\"LO-Normal\" style=\"border:none; padding:0cm\">18. Prijedlog programa kori\u0161tenja sredstava naknade za zadr\u017eavanje nezakonito izgra\u0111enih zgrada u prostoru&nbsp; na podru\u010dju Grada Ka\u0161tela za 2023. godinu<\/p>\n<\/div>\n<p class=\"MsoNoSpacing\">&nbsp;&nbsp;&nbsp;&nbsp;&nbsp; &#8211; Izvjestiteljica: Josipa Kurba\u0161a-Banovac, pro\u010delnica Upravnog odjela za prostorno ure\u0111enje i za\u0161titu okoli\u0161a<\/p>\n<p class=\"MsoNoSpacing\">19. Prijedlog odluke o na\u010dinu financiranja predstavnika bo\u0161nja\u010dke nacionalne manjine za 2023. godinu<\/p>\n<p class=\"MsoNoSpacing\">&nbsp;&nbsp;&nbsp;&nbsp;&nbsp; &#8211; Izvjestiteljica: Ivana Modri\u0107, pro\u010delnica Upravnog odjela za poslove Gradona\u010delnika i stru\u010dne poslove<\/p>\n<div style=\"border:none black 1.0pt; padding:0cm 0cm 0cm 0cm\">\n<p style=\"border:none; text-align:justify; padding:0cm\"><span style=\"text-autospace:ideograph-numeric\">20. Prijedlog odluke o jednokratnoj nov\u010danoj pomo\u0107i za roditelje i udovice poginulih branitelja<\/span>&nbsp;Domovinskog rata povodom Bo\u017ei\u0107a<\/p>\n<p class=\"LO-Normal\" style=\"border:none; text-align:justify; padding:0cm\">21. Prijedlog odluke o jednokratnoj nov\u010danoj pomo\u0107i za umirovljenike i nezaposlene povodom Bo\u017ei\u0107a<\/p>\n<\/div>\n<p class=\"MsoNoSpacing\">&nbsp;&nbsp;&nbsp;&nbsp;&nbsp;&nbsp; &#8211; Izvjestiteljica t. 20. i t. 21.: Antonia Kljai\u0107, pro\u010delnica Upravnog odjela za dru\u0161tvene djelatnosti i&nbsp;zajedni\u010dke poslove<\/p>\n<div style=\"border:none black 1.0pt; padding:0cm 0cm 0cm 0cm\">\n<p style=\"border:none; padding:0cm\">22. Plan mre\u017ee dje\u010djih vrti\u0107a na podru\u010dju Grada Ka\u0161tela<\/p>\n<\/div>\n<p class=\"MsoNoSpacing\">&nbsp;&nbsp;&nbsp;&nbsp;&nbsp;&nbsp; &#8211; Izvjestiteljica: Antonia Kljai\u0107, pro\u010delnica Upravnog odjela za dru\u0161tvene djelatnosti i zajedni\u010dke poslove<\/p>\n<div style=\"border:none black 1.0pt; padding:0cm 0cm 0cm 2.0pt\">\n<p style=\"border:none; text-align:justify; padding:0cm\">23. Izvje\u0161\u0107e o radu Gradona\u010delnika za razdoblje sije\u010danj &#8211; lipanj 2022. godine<\/p>\n<p style=\"border:none; text-align:justify; padding:0cm\">&nbsp; &nbsp; &nbsp;&#8211; Izvjestitelj: Denis Ivanovi\u0107, gradona\u010delnik<\/p>\n<\/div>\n<div style=\"border:none black 1.0pt; padding:0cm 0cm 0cm 0cm\">\n<p style=\"border:none; padding:0cm\">24. Prijedlog odluke o na\u010dinu sazivanja, rada i odlu\u010divanja na zboru gra\u0111ana Grada Ka\u0161tela<\/p>\n<p style=\"border:none; padding:0cm\">25. Prijedlog odluke o na\u010dinu podno\u0161enja prijedloga i peticija od strane gra\u0111ana Grada Ka\u0161tela<\/p>\n<\/div>\n<p class=\"MsoNoSpacing\">&nbsp;&nbsp;&nbsp;&nbsp;&nbsp; &#8211; Izvjestiteljica t. 24. i t. 25.: Ivana Modri\u0107, pro\u010delnica Upravnog odjela za poslove Gradona\u010delnika i&nbsp;stru\u010dne poslove<\/p>\n<div style=\"border:none black 1.0pt; padding:0cm 0cm 0cm 0cm\">\n<p style=\"border:none; padding:0cm\">26. Prijedlog Odluke o osnivanju Savjeta za za\u0161titu potro\u0161a\u010da javnih usluga<\/p>\n<\/div>\n<p class=\"MsoNoSpacing\">&nbsp;&nbsp;&nbsp;&nbsp; &nbsp;&#8211; Izvjestiteljica: Marija Vu\u010dica, pro\u010delnica Upravnog odjela za gospodarski razvoj i fondove Europske&nbsp;unije<\/p>\n<div style=\"border:none black 1.0pt; padding:0cm 0cm 0cm 0cm\">\n<p style=\"border:none; padding:0cm\">27. Prijedlog Odluke o osnivanju Kulturnog vije\u0107a Grada Ka\u0161tela<\/p>\n<\/div>\n<p class=\"MsoNoSpacing\">&nbsp;&nbsp;&nbsp;&nbsp;&nbsp; &#8211; Izvjestiteljica: Antonia Kljai\u0107, pro\u010delnica Upravnog odjela za dru\u0161tvene djelatnosti i zajedni\u010dke poslove<\/p>\n<div style=\"border:none black 1.0pt; padding:0cm 0cm 0cm 0cm\">\n<p style=\"border:none; padding:0cm\">28. Prijedlog pravilnika o izmjeni Pravilnika o poslovanju Vlastitog pogona za obavljanje komunalnih djelatnosti u Gradu Ka\u0161tela<\/p>\n<p class=\"LO-Normal\" style=\"border:none; padding:0cm\">&nbsp;&nbsp;&nbsp;&nbsp; &nbsp;&#8211; Izvjestitelj: Ivan \u010cagalj, upravitelj Vlastitog pogona<\/p>\n<\/div>\n","protected":false},"excerpt":{"rendered":"<p>Predsjednik Gradskog vije\u0107a Ivan Udovi\u010di\u0107 sazvao je 10. sjednicu Gradskog vije\u0107a Grada Ka\u0161tela za dan 30. studenog (srijeda) 2022. g. [&hellip;]<\/p>\n","protected":false},"author":7,"featured_media":2745,"comment_status":"closed","ping_status":"open","sticky":false,"template":"","format":"standard","meta":{"_acf_changed":false,"footnotes":""},"categories":[1],"tags":[],"class_list":["post-2744","post","type-post","status-publish","format-standard","has-post-thumbnail","hentry","category-novosti"],"acf":[],"_links":{"self":[{"href":"https:\/\/kastela.hr\/en\/wp-json\/wp\/v2\/posts\/2744","targetHints":{"allow":["GET"]}}],"collection":[{"href":"https:\/\/kastela.hr\/en\/wp-json\/wp\/v2\/posts"}],"about":[{"href":"https:\/\/kastela.hr\/en\/wp-json\/wp\/v2\/types\/post"}],"author":[{"embeddable":true,"href":"https:\/\/kastela.hr\/en\/wp-json\/wp\/v2\/users\/7"}],"replies":[{"embeddable":true,"href":"https:\/\/kastela.hr\/en\/wp-json\/wp\/v2\/comments?post=2744"}],"version-history":[{"count":2,"href":"https:\/\/kastela.hr\/en\/wp-json\/wp\/v2\/posts\/2744\/revisions"}],"predecessor-version":[{"id":13837,"href":"https:\/\/kastela.hr\/en\/wp-json\/wp\/v2\/posts\/2744\/revisions\/13837"}],"wp:featuredmedia":[{"embeddable":true,"href":"https:\/\/kastela.hr\/en\/wp-json\/wp\/v2\/media\/2745"}],"wp:attachment":[{"href":"https:\/\/kastela.hr\/en\/wp-json\/wp\/v2\/media?parent=2744"}],"wp:term":[{"taxonomy":"category","embeddable":true,"href":"https:\/\/kastela.hr\/en\/wp-json\/wp\/v2\/categories?post=2744"},{"taxonomy":"post_tag","embeddable":true,"href":"https:\/\/kastela.hr\/en\/wp-json\/wp\/v2\/tags?post=2744"}],"curies":[{"name":"wp","href":"https:\/\/api.w.org\/{rel}","templated":true}]}}