{"id":2732,"date":"2022-11-23T13:14:00","date_gmt":"2022-11-23T12:14:00","guid":{"rendered":"https:\/\/kastela.hr\/en\/2022\/11\/23\/odrzan-prijem-za-luku-zuljevica-i-antu-buzova-koji-su-ostvarili-veliki-sportski-uspjeh-u-turskoj\/"},"modified":"2024-08-29T10:47:37","modified_gmt":"2024-08-29T08:47:37","slug":"odrzan-prijem-za-luku-zuljevica-i-antu-buzova-koji-su-ostvarili-veliki-sportski-uspjeh-u-turskoj","status":"publish","type":"post","link":"https:\/\/kastela.hr\/en\/2022\/11\/23\/odrzan-prijem-za-luku-zuljevica-i-antu-buzova-koji-su-ostvarili-veliki-sportski-uspjeh-u-turskoj\/","title":{"rendered":"Odr\u017ean prijem za Luku \u017duljevi\u0107a i Antu Buzova koji su ostvarili veliki sportski uspjeh u Turskoj"},"content":{"rendered":"<p style=\"text-align:justify\">U Antaliyi u Turskoj od 12. do 19. studenog odr\u017eano je Europsko prvenstvo u kickboxingu na kojem se natjecalo oko 900 natjecatelja, a dva su Ka\u0161telanina osvojila medalje.<\/p>\n<p style=\"text-align:justify\">Jedan od natjecatelja \u010dlan je KBK Uni Rent iz Ka\u0161tela, a rije\u010d je o <b>Luki \u017duljevi\u0107u<\/b> koji je u kategoriji do 89 kg imao tri me\u010da te je osvojenim zlatom potvrdio titulu europskog prvaka u svojoj kategoriji. Drugi natjecatelj, tako\u0111er \u010dlan KBK Uni Rent iz Ka\u0161tela je <b>Ante Buzov<\/b> koji je osvojio bron\u010danu medalju u najbrojnijoj kategoriji do 71 kg.<\/p>\n<p style=\"text-align:justify\">Luku i Antu te njihovog trenera Miljenka \u0160arca i trenericu Ivanu Tadi\u0107 sve\u010dano su do\u010dekale zamjenica gradona\u010delnika Jadranka Matok-Bosan\u010di\u0107 i pro\u010delnica Upravnog odjela za dru\u0161tvene djelatnosti Antonia Kljai\u0107 koje su im za postignuti uspjeh uru\u010dile prigodne poklone.<\/p>\n<p style=\"text-align:justify\">Va\u0161a posve\u0107enost ovom sportu, kojekakva odricanja, svakodnevni trud i zalaganje rezultat su va\u0161eg postignutog uspjeha i u ime Grada Ka\u0161tela moram vam re\u0107i da smo izuzetno ponosni na isti. \u010cestitam i hvala vam \u0161to time predstavljate i na\u0161a Ka\u0161tela u svijetu. Grad Ka\u0161tela \u0107e i dalje nastaviti pru\u017eati podr\u0161ku na\u0161im mladim i perspektivnim sporta\u0161ima poput vas&nbsp; &#8211; kazala je zamjenica gradona\u010delnika Jadranka Matok-Bosan\u010di\u0107.<\/p>\n<p style=\"text-align:justify\">Unato\u010d brojnim obvezama koje imaju, uz podr\u0161ku svojih obitelji i nas trenera, ozbiljno pristupaju natjecateljskom dijelu sporta i samom treningu &ndash; zadovoljno je kazao trener Miljenko \u0160arac.<\/p>\n<p style=\"text-align:justify\">\u010cestitkama se pridru\u017eila i pro\u010delnica Antonia Kljai\u0107 te im za\u017eeljela puno uspjeha u daljnjem radu.<\/p>\n","protected":false},"excerpt":{"rendered":"<p>U Antaliyi u Turskoj od 12. do 19. studenog odr\u017eano je Europsko prvenstvo u kickboxingu na kojem se natjecalo oko [&hellip;]<\/p>\n","protected":false},"author":7,"featured_media":2733,"comment_status":"closed","ping_status":"open","sticky":false,"template":"","format":"standard","meta":{"_acf_changed":false,"footnotes":""},"categories":[1],"tags":[],"class_list":["post-2732","post","type-post","status-publish","format-standard","has-post-thumbnail","hentry","category-novosti"],"acf":[],"_links":{"self":[{"href":"https:\/\/kastela.hr\/en\/wp-json\/wp\/v2\/posts\/2732","targetHints":{"allow":["GET"]}}],"collection":[{"href":"https:\/\/kastela.hr\/en\/wp-json\/wp\/v2\/posts"}],"about":[{"href":"https:\/\/kastela.hr\/en\/wp-json\/wp\/v2\/types\/post"}],"author":[{"embeddable":true,"href":"https:\/\/kastela.hr\/en\/wp-json\/wp\/v2\/users\/7"}],"replies":[{"embeddable":true,"href":"https:\/\/kastela.hr\/en\/wp-json\/wp\/v2\/comments?post=2732"}],"version-history":[{"count":1,"href":"https:\/\/kastela.hr\/en\/wp-json\/wp\/v2\/posts\/2732\/revisions"}],"predecessor-version":[{"id":4092,"href":"https:\/\/kastela.hr\/en\/wp-json\/wp\/v2\/posts\/2732\/revisions\/4092"}],"wp:featuredmedia":[{"embeddable":true,"href":"https:\/\/kastela.hr\/en\/wp-json\/wp\/v2\/media\/2733"}],"wp:attachment":[{"href":"https:\/\/kastela.hr\/en\/wp-json\/wp\/v2\/media?parent=2732"}],"wp:term":[{"taxonomy":"category","embeddable":true,"href":"https:\/\/kastela.hr\/en\/wp-json\/wp\/v2\/categories?post=2732"},{"taxonomy":"post_tag","embeddable":true,"href":"https:\/\/kastela.hr\/en\/wp-json\/wp\/v2\/tags?post=2732"}],"curies":[{"name":"wp","href":"https:\/\/api.w.org\/{rel}","templated":true}]}}