{"id":2723,"date":"2022-11-24T13:04:00","date_gmt":"2022-11-24T12:04:00","guid":{"rendered":"https:\/\/kastela.hr\/en\/2022\/11\/24\/predstavljen-program-manifestacije-advent-u-kastelima-2022\/"},"modified":"2024-08-29T10:47:37","modified_gmt":"2024-08-29T08:47:37","slug":"predstavljen-program-manifestacije-advent-u-kastelima-2022","status":"publish","type":"post","link":"https:\/\/kastela.hr\/en\/2022\/11\/24\/predstavljen-program-manifestacije-advent-u-kastelima-2022\/","title":{"rendered":"Predstavljen program manifestacije Advent u Ka\u0161telima 2022."},"content":{"rendered":"<p style=\"text-align:justify\">\u017deljko Bebek, Jasmin Stavros, Sandi Cenov i do\u010dek Nove godine uz Alena Ni\u017eeti\u0107a &ndash; samo su neki od izvo\u0111a\u010da uz koje&nbsp;\u0107e Ka\u0161telani i njihovi gosti u\u017eivati ove godine u okviru manifestacije &quot;Advent u Ka\u0161telima 2022.&quot; na adventskoj pozornici u Novom parku u Ka\u0161tel Luk\u0161i\u0107u. Program adventa slu\u017ebeno je predstavio gradona\u010delnik Denis Ivanovi\u0107 zajedno sa zamjenicom Jadrankom Matok-Bosan\u010di\u0107, pro\u010delnicom Upravnog odjela za dru\u0161tvene djelatnosti i zajedni\u010dke poslove Antoniom Kljai\u0107 te direktoricom Turisti\u010dke zajednice Ka\u0161tela Nadom Mar\u0161i\u0107.<\/p>\n<p style=\"text-align:justify\">&#8211; Nakon dvije godine pauze, nastavljamo s predivnom pri\u010dom Adventa u Ka\u0161telima. Sve zapo\u010dinje 3. prosinca u 21 sat velikim koncertom \u017deljka Bebeka, a program se zavr\u0161ava 7. sije\u010dnja sa koncertom benda Vox Box&nbsp; &ndash; bio je kratak gradona\u010delnik Denis Ivanovi\u0107.<\/p>\n<p style=\"text-align:justify\">Vi\u0161e o samim doga\u0111anjima kazale su zamjenica gradona\u010delnika Jadranka Matok-Bosan\u010di\u0107 i pro\u010delnica UO za dru\u0161tvene djelatnosti Antonia Kljai\u0107.<\/p>\n<p style=\"text-align:justify; margin-bottom:11px\">&#8211; Nakon dvije godine pauze Ka\u0161tela ove godine ponovno pripremaju bogat program na kojem \u0107e se i ovih blagdana, posjetitelji mo\u0107i zabaviti uz odabrana jela i pi\u0107a ugostitelja, nastupe glazbenih izvo\u0111a\u010da te razli\u010dita zabavna doga\u0111anja namijenjena djeci i odraslima. U suradnji s Pomorskim \u0161portskim dru\u0161tvom Srdela 17. prosinca Grad \u0107e organizirati podjelu bakalara &ndash; kazala je zamjenica Jadranka Matok-Bosan\u010di\u0107.<\/p>\n<p style=\"text-align:justify; margin-bottom:11px\">Kao \u0161to je kazala pro\u010delnica Kljai\u0107, djeci je ovo najljep\u0161e i \u010darobno doba godine. Pripremljena su im &nbsp;brojna iznena\u0111enja u okviru &bdquo;Ka\u0161telanske adventske bajke&ldquo;. Tijekom prosinca uz dje\u010dje predstave, koncert Domenice, djecu \u0107e posjetiti Sveti Nikola i Sveta Luce te ih darivati slatki\u0161ima, a uz \u010carobne animatore imat \u0107e spektakularan dje\u010dji do\u010dek Nove godine!<\/p>\n<p style=\"text-align:justify; margin-bottom:11px\">&#8211; Svake subote kroz adventsko vrijeme, od 26. studenog 2022., s po\u010detkom u 18.30 sati u \u0110ardinu u Ka\u0161tel Novom uz slu\u017ebu rije\u010di &ndash; uprili\u010dit \u0107e se &nbsp;obred paljenja svije\u0107a na adventskom vijencu koji \u0107e predvoditi don Darijo \u0106ori\u0107, \u017eupnik \u017eupe Ka\u0161tel Novi u pratnji ka\u0161telanskih \u017eupnih zborova, klapa i KUD-ova. Adventski vijenac tradicionalno rade profesori i u\u010denici Srednje \u0161kole Bra\u0107e Radi\u0107 &ndash; kazala je direktorica TZ Ka\u0161tela Nada Mar\u0161i\u0107.<\/p>\n<p style=\"text-align:justify; margin-bottom:11px\">Za kraj, Alen Ni\u017eeti\u0107 poziva na odli\u010dnu zabavu uz vatromet i uz \u017eelju da nas vrijeme &bdquo;poslu\u017ei&ldquo;.&nbsp;<\/p>\n<p>Kompletni program Adventa u Ka\u0161telima 2022. nalazi se u prilogu.&nbsp;<\/p>\n","protected":false},"excerpt":{"rendered":"<p>\u017deljko Bebek, Jasmin Stavros, Sandi Cenov i do\u010dek Nove godine uz Alena Ni\u017eeti\u0107a &ndash; samo su neki od izvo\u0111a\u010da uz [&hellip;]<\/p>\n","protected":false},"author":7,"featured_media":2724,"comment_status":"closed","ping_status":"open","sticky":false,"template":"","format":"standard","meta":{"_acf_changed":false,"footnotes":""},"categories":[1],"tags":[],"class_list":["post-2723","post","type-post","status-publish","format-standard","has-post-thumbnail","hentry","category-novosti"],"acf":[],"_links":{"self":[{"href":"https:\/\/kastela.hr\/en\/wp-json\/wp\/v2\/posts\/2723","targetHints":{"allow":["GET"]}}],"collection":[{"href":"https:\/\/kastela.hr\/en\/wp-json\/wp\/v2\/posts"}],"about":[{"href":"https:\/\/kastela.hr\/en\/wp-json\/wp\/v2\/types\/post"}],"author":[{"embeddable":true,"href":"https:\/\/kastela.hr\/en\/wp-json\/wp\/v2\/users\/7"}],"replies":[{"embeddable":true,"href":"https:\/\/kastela.hr\/en\/wp-json\/wp\/v2\/comments?post=2723"}],"version-history":[{"count":1,"href":"https:\/\/kastela.hr\/en\/wp-json\/wp\/v2\/posts\/2723\/revisions"}],"predecessor-version":[{"id":4091,"href":"https:\/\/kastela.hr\/en\/wp-json\/wp\/v2\/posts\/2723\/revisions\/4091"}],"wp:featuredmedia":[{"embeddable":true,"href":"https:\/\/kastela.hr\/en\/wp-json\/wp\/v2\/media\/2724"}],"wp:attachment":[{"href":"https:\/\/kastela.hr\/en\/wp-json\/wp\/v2\/media?parent=2723"}],"wp:term":[{"taxonomy":"category","embeddable":true,"href":"https:\/\/kastela.hr\/en\/wp-json\/wp\/v2\/categories?post=2723"},{"taxonomy":"post_tag","embeddable":true,"href":"https:\/\/kastela.hr\/en\/wp-json\/wp\/v2\/tags?post=2723"}],"curies":[{"name":"wp","href":"https:\/\/api.w.org\/{rel}","templated":true}]}}