{"id":2709,"date":"2022-11-25T10:29:00","date_gmt":"2022-11-25T09:29:00","guid":{"rendered":"https:\/\/kastela.hr\/en\/2022\/11\/25\/grad-kastela-krenuo-sa-kompletnom-obnovom-i-potpunim-opremanjem-buduceg-kulturnog-centra-u-kastel-luksicu\/"},"modified":"2024-08-29T10:47:37","modified_gmt":"2024-08-29T08:47:37","slug":"grad-kastela-krenuo-sa-kompletnom-obnovom-i-potpunim-opremanjem-buduceg-kulturnog-centra-u-kastel-luksicu","status":"publish","type":"post","link":"https:\/\/kastela.hr\/en\/2022\/11\/25\/grad-kastela-krenuo-sa-kompletnom-obnovom-i-potpunim-opremanjem-buduceg-kulturnog-centra-u-kastel-luksicu\/","title":{"rendered":"Grad Ka\u0161tela krenuo sa kompletnom obnovom i potpunim opremanjem budu\u0107eg Kulturnog centra u Ka\u0161tel Luk\u0161i\u0107u"},"content":{"rendered":"<p style=\"margin-bottom:10px\"><span style=\"background:white\">Ka\u0161telanski kulturnjaci do\u0161li su napokon na svoje jer je Grad Ka\u0161tela krenuo sa kompletnom obnovom i potpunim opremanjem budu\u0107eg Kulturnog centra u Ka\u0161tel Luk\u0161i\u0107u (ex-Pastoralni centar), a cijeli projekt te\u017eak je vi\u0161e od 12 milijuna kuna.<\/span><\/p>\n<p style=\"margin-bottom:10px\"><span style=\"background:white\">Samom po\u010detku radova koji bi trebali biti gotovi do srpnja idu\u0107e godine je nazo\u010dio je i gradona\u010delnik Denis Ivanovi\u0107 sa suradnicima, a novi takozvani kulturno- multimedijalni centar dobit \u0107e potpuno novo ruho.<\/span><\/p>\n<p style=\"margin-bottom:10px\"><span style=\"background:white\">-Svima koji se u Ka\u0161telima bave kulturom poznato je da se ovakav projekt ve\u0107 trebao realizirati jer u Ka\u0161telima djeluje veliki broj udruga koje se bave kulturom i koje rade sjajan posao. Kako bi im u potpunosti omogu\u0107ili \u0161to bolje uvjete u svom budu\u0107em radu odlu\u010dili smo se pokrenuti ovu pri\u010du oko novog Kulturnog centra a ovim putem mogu najaviti kako \u0107e po zavr\u0161etku ove investicije u kompletnu obnovu i\u0107i i kino u Ka\u0161tel Su\u0107urcu. Radi se o objektima javne namjene, namijenjenoj obavljanju poslova u podru\u010dju dru\u0161tvenih djelatnosti, a povr\u0161ina budu\u0107eg Kulturnog centra iznosi ne\u0161to manje od 1000 kvadrata i sastoji se od prizemlja i kata-kazao je prilikom obilaska radova pote\u0161tat Ivanovi\u0107.<\/span><\/p>\n<p style=\"margin-bottom:10px\"><span style=\"background:white\">Ina\u010de, projektom je predvi\u0111ena sanacija i ure\u0111enje prostorija unutar postoje\u0107e gra\u0111evine za potrebe organiziranja kulturnih manifestacija koje uklju\u010duju odr\u017eavanje kazali\u0161nih predstava, koncerata, radionica, prikazivanje filmova i raznih dru\u0161tvenih doga\u0111anja, te ujedno i ure\u0111enje prostorija za rad lokalnih udruga. Glavnim projektom je predvi\u0111ena nova organizacija prostora i prilago\u0111avanje prostora novim potrebama korisnika.<\/span><\/p>\n<p style=\"margin-bottom:10px\"><span style=\"background:white\">Radovi \u0107e uklju\u010diti opremanje i organizacija glavne dvorane, organizacija mu\u0161ke i \u017eenske garderobe, smje\u0161taj ulaznog prostora, organizaciju sanitarija za posjetitelje, organizacija prostora u skladu s odredbama vezanim za osiguranje pristupa\u010dnosti i neometanog kori\u0161tenja osobama s invaliditetom i osobama smanjene pokretljivosti, smje\u0161taj uredskih prostora predvi\u0111enih za rad lokalnih udruga, smje\u0161taj i opremanje dvorane za probe folklora, izvo\u0111enje povezanog toplinskog sustava na ovojnici zgrade, te zamjena vanjske stolarije, zamjena postoje\u0107ih podnih i zidnih obloga kao i postoje\u0107ih instalacija i sustava.<\/span><\/p>\n<p style=\"margin-bottom:10px\"><span style=\"background:white\">Na radost brojnih kulturnjaka, Kulturni centar trebao bi tako postati sredi\u0161te kulturnih doga\u0111anja u Ka\u0161telima \u010diji cilj \u0107e biti predstavljanje i promicanje, kako amaterskih , tako i profesionalnih aktivnosti kojih u Ka\u0161telima ne nedostaje.<\/span><\/p>\n","protected":false},"excerpt":{"rendered":"<p>Ka\u0161telanski kulturnjaci do\u0161li su napokon na svoje jer je Grad Ka\u0161tela krenuo sa kompletnom obnovom i potpunim opremanjem budu\u0107eg Kulturnog [&hellip;]<\/p>\n","protected":false},"author":7,"featured_media":2710,"comment_status":"closed","ping_status":"open","sticky":false,"template":"","format":"standard","meta":{"_acf_changed":false,"footnotes":""},"categories":[1],"tags":[],"class_list":["post-2709","post","type-post","status-publish","format-standard","has-post-thumbnail","hentry","category-novosti"],"acf":[],"_links":{"self":[{"href":"https:\/\/kastela.hr\/en\/wp-json\/wp\/v2\/posts\/2709","targetHints":{"allow":["GET"]}}],"collection":[{"href":"https:\/\/kastela.hr\/en\/wp-json\/wp\/v2\/posts"}],"about":[{"href":"https:\/\/kastela.hr\/en\/wp-json\/wp\/v2\/types\/post"}],"author":[{"embeddable":true,"href":"https:\/\/kastela.hr\/en\/wp-json\/wp\/v2\/users\/7"}],"replies":[{"embeddable":true,"href":"https:\/\/kastela.hr\/en\/wp-json\/wp\/v2\/comments?post=2709"}],"version-history":[{"count":1,"href":"https:\/\/kastela.hr\/en\/wp-json\/wp\/v2\/posts\/2709\/revisions"}],"predecessor-version":[{"id":4090,"href":"https:\/\/kastela.hr\/en\/wp-json\/wp\/v2\/posts\/2709\/revisions\/4090"}],"wp:featuredmedia":[{"embeddable":true,"href":"https:\/\/kastela.hr\/en\/wp-json\/wp\/v2\/media\/2710"}],"wp:attachment":[{"href":"https:\/\/kastela.hr\/en\/wp-json\/wp\/v2\/media?parent=2709"}],"wp:term":[{"taxonomy":"category","embeddable":true,"href":"https:\/\/kastela.hr\/en\/wp-json\/wp\/v2\/categories?post=2709"},{"taxonomy":"post_tag","embeddable":true,"href":"https:\/\/kastela.hr\/en\/wp-json\/wp\/v2\/tags?post=2709"}],"curies":[{"name":"wp","href":"https:\/\/api.w.org\/{rel}","templated":true}]}}