{"id":2706,"date":"2022-12-01T08:19:00","date_gmt":"2022-12-01T07:19:00","guid":{"rendered":"https:\/\/kastela.hr\/en\/2022\/12\/01\/odrzana-10-sjednica-gradskog-vijeca\/"},"modified":"2024-08-29T10:47:37","modified_gmt":"2024-08-29T08:47:37","slug":"odrzana-10-sjednica-gradskog-vijeca","status":"publish","type":"post","link":"https:\/\/kastela.hr\/en\/2022\/12\/01\/odrzana-10-sjednica-gradskog-vijeca\/","title":{"rendered":"Odr\u017eana 10. sjednica Gradskog vije\u0107a"},"content":{"rendered":"<p style=\"text-align:justify\"><span style=\"vertical-align:baseline\">Dana 30. studenog, u Gradskoj vije\u0107nici, odr\u017eana je 10. sjednica Gradskog vije\u0107a sadr\u017eana od dvadeset osam to\u010daka dnevnog reda. Jedna od bitnijih to\u010daka bio je prora\u010dun za 2023. godinu u iznosu od 29,4 milijuna eura.&nbsp;<\/span><\/p>\n<p style=\"text-align:justify\"><span style=\"vertical-align:baseline\">Radi se o konsolidiranom prora\u010dunu i u njega su uklju\u010deni svi prora\u010dunski korisnici &ndash; Gradska knji\u017enica Ka\u0161tela, Muzej grada Ka\u0161tela, Javna Ustanova \u0160portski objekti Ka\u0161tela, Razvojna agencija grada Ka\u0161tela i vrti\u0107i Ka\u0161tela. Porezi i prirezi, komunalne naknade i doprinosi i u sljede\u0107oj godini su izvor prihoda. &nbsp;<\/span><\/p>\n<p style=\"text-align:justify\"><span style=\"vertical-align:baseline\">Uz prora\u010dun, Vije\u0107nici su prihvatili i Izvje\u0161\u0107e o radu gradona\u010delnika za razdoblje sije\u010danj &#8211; lipanj 2022. godine. U izlaganju, predstavljeni su i projekti za sljede\u0107u, 2023. godinu.&nbsp;Vije\u0107nik Anto Komljen pohvalio je rad gradona\u010delnika Denisa Ivanovi\u0107a jer su projekti, kako je kazao, realizirani ili zapo\u010deti, vidljivi na svakom koraku. &nbsp;<\/span><\/p>\n<p style=\"text-align:justify\"><span style=\"vertical-align:baseline\">Usvojen je i prijedlog odluke o&nbsp;jednokratnoj nov\u010danoj pomo\u0107i&nbsp;za roditelje i udovice poginulih branitelja&nbsp;Domovinskog rata, kao i odluke o jednokratnoj nov\u010danoj pomo\u0107i za umirovljenike i nezaposlene povodom Bo\u017ei\u0107a.&nbsp;<\/span><\/p>\n<p style=\"text-align:justify\"><span style=\"vertical-align:baseline\">Zatim, usvojeni su i programi javnih potreba u socijalnoj skrbi i zdravstvenoj za\u0161titi, u pred\u0161kolskom odgoju, obrazovanju, sportu, tehni\u010dkoj kulturi, kulturi te program javnih potreba udruga gra\u0111ana, institucija, ustanova i vjerskih zajednica. Tako\u0111er, prijedlozi programa gra\u0111enja i odr\u017eavanja komunalne infrastrukture, prijedlozi programa javnih potreba za obavljanje djelatnosti Stanice Hrvatske gorske slu\u017ebe spa\u0161avanja te kori\u0161tenje sredstava naknade za zadr\u017eavanje nezakonito izgra\u0111enih zgrada u prostoru na podru\u010dju grada. &nbsp;<\/span><\/p>\n<p style=\"text-align:justify\"><span style=\"vertical-align:baseline\">Usvojena je i analiza stanja sustava civilne za\u0161tite na podru\u010dju grada te prijedlog plana razvoja sustava civilne za\u0161tite, kao i Plan mre\u017ee dje\u010djih vrti\u0107a na podru\u010dju grada, potom i prijedlozi odluka o na\u010dinu sazivanja, rada i odlu\u010divanja na zboru gra\u0111ana grada, o na\u010dinu podno\u0161enja prijedloga i peticija od strane gra\u0111ana, o osnivanju Savjeta za za\u0161titu potro\u0161a\u010da javnih usluga, o osnivanju Kulturnog vije\u0107a te prijedlog pravilnika o izmjeni Pravilnika o poslovanju Vlastitog pogona za obavljanje komunalnih djelatnosti u gradu.&nbsp;<\/span><\/p>\n","protected":false},"excerpt":{"rendered":"<p>Dana 30. studenog, u Gradskoj vije\u0107nici, odr\u017eana je 10. sjednica Gradskog vije\u0107a sadr\u017eana od dvadeset osam to\u010daka dnevnog reda. Jedna [&hellip;]<\/p>\n","protected":false},"author":7,"featured_media":2707,"comment_status":"closed","ping_status":"open","sticky":false,"template":"","format":"standard","meta":{"_acf_changed":false,"footnotes":""},"categories":[1],"tags":[],"class_list":["post-2706","post","type-post","status-publish","format-standard","has-post-thumbnail","hentry","category-novosti"],"acf":[],"_links":{"self":[{"href":"https:\/\/kastela.hr\/en\/wp-json\/wp\/v2\/posts\/2706","targetHints":{"allow":["GET"]}}],"collection":[{"href":"https:\/\/kastela.hr\/en\/wp-json\/wp\/v2\/posts"}],"about":[{"href":"https:\/\/kastela.hr\/en\/wp-json\/wp\/v2\/types\/post"}],"author":[{"embeddable":true,"href":"https:\/\/kastela.hr\/en\/wp-json\/wp\/v2\/users\/7"}],"replies":[{"embeddable":true,"href":"https:\/\/kastela.hr\/en\/wp-json\/wp\/v2\/comments?post=2706"}],"version-history":[{"count":1,"href":"https:\/\/kastela.hr\/en\/wp-json\/wp\/v2\/posts\/2706\/revisions"}],"predecessor-version":[{"id":4089,"href":"https:\/\/kastela.hr\/en\/wp-json\/wp\/v2\/posts\/2706\/revisions\/4089"}],"wp:featuredmedia":[{"embeddable":true,"href":"https:\/\/kastela.hr\/en\/wp-json\/wp\/v2\/media\/2707"}],"wp:attachment":[{"href":"https:\/\/kastela.hr\/en\/wp-json\/wp\/v2\/media?parent=2706"}],"wp:term":[{"taxonomy":"category","embeddable":true,"href":"https:\/\/kastela.hr\/en\/wp-json\/wp\/v2\/categories?post=2706"},{"taxonomy":"post_tag","embeddable":true,"href":"https:\/\/kastela.hr\/en\/wp-json\/wp\/v2\/tags?post=2706"}],"curies":[{"name":"wp","href":"https:\/\/api.w.org\/{rel}","templated":true}]}}