{"id":2703,"date":"2022-12-02T10:19:00","date_gmt":"2022-12-02T09:19:00","guid":{"rendered":"https:\/\/kastela.hr\/en\/2022\/12\/02\/odgoden-koncert-zeljka-bebeka\/"},"modified":"2024-08-29T10:47:37","modified_gmt":"2024-08-29T08:47:37","slug":"odgoden-koncert-zeljka-bebeka","status":"publish","type":"post","link":"https:\/\/kastela.hr\/en\/2022\/12\/02\/odgoden-koncert-zeljka-bebeka\/","title":{"rendered":"Odgo\u0111en koncert \u017deljka Bebeka"},"content":{"rendered":"<p>Zbog nepovoljne vremenske prognoze odgo\u0111en je koncert \u017deljka Bebeka, koji se trebao odr\u017eati sutra, 3. prosinca 2022. godine u Novom parku u Ka\u0161tel Luk\u0161i\u0107u u sklopu manifestacije &quot;Advent u Ka\u0161telima&quot;. Koncert \u0107e se odr\u017eati 18. prosinca s po\u010detkom u 21 sat na istom mjestu.&nbsp;<\/p>\n","protected":false},"excerpt":{"rendered":"<p>Zbog nepovoljne vremenske prognoze odgo\u0111en je koncert \u017deljka Bebeka, koji se trebao odr\u017eati sutra, 3. prosinca 2022. godine u Novom [&hellip;]<\/p>\n","protected":false},"author":7,"featured_media":2704,"comment_status":"closed","ping_status":"open","sticky":false,"template":"","format":"standard","meta":{"_acf_changed":false,"footnotes":""},"categories":[1],"tags":[],"class_list":["post-2703","post","type-post","status-publish","format-standard","has-post-thumbnail","hentry","category-novosti"],"acf":[],"_links":{"self":[{"href":"https:\/\/kastela.hr\/en\/wp-json\/wp\/v2\/posts\/2703","targetHints":{"allow":["GET"]}}],"collection":[{"href":"https:\/\/kastela.hr\/en\/wp-json\/wp\/v2\/posts"}],"about":[{"href":"https:\/\/kastela.hr\/en\/wp-json\/wp\/v2\/types\/post"}],"author":[{"embeddable":true,"href":"https:\/\/kastela.hr\/en\/wp-json\/wp\/v2\/users\/7"}],"replies":[{"embeddable":true,"href":"https:\/\/kastela.hr\/en\/wp-json\/wp\/v2\/comments?post=2703"}],"version-history":[{"count":1,"href":"https:\/\/kastela.hr\/en\/wp-json\/wp\/v2\/posts\/2703\/revisions"}],"predecessor-version":[{"id":4088,"href":"https:\/\/kastela.hr\/en\/wp-json\/wp\/v2\/posts\/2703\/revisions\/4088"}],"wp:featuredmedia":[{"embeddable":true,"href":"https:\/\/kastela.hr\/en\/wp-json\/wp\/v2\/media\/2704"}],"wp:attachment":[{"href":"https:\/\/kastela.hr\/en\/wp-json\/wp\/v2\/media?parent=2703"}],"wp:term":[{"taxonomy":"category","embeddable":true,"href":"https:\/\/kastela.hr\/en\/wp-json\/wp\/v2\/categories?post=2703"},{"taxonomy":"post_tag","embeddable":true,"href":"https:\/\/kastela.hr\/en\/wp-json\/wp\/v2\/tags?post=2703"}],"curies":[{"name":"wp","href":"https:\/\/api.w.org\/{rel}","templated":true}]}}