{"id":2700,"date":"2022-12-02T11:44:00","date_gmt":"2022-12-02T10:44:00","guid":{"rendered":"https:\/\/kastela.hr\/en\/2022\/12\/02\/isplata-bozicnica-umirovljenicima-i-nezaposlenim-osobama-s-prebivalistem-na-podrucju-grada-kastela\/"},"modified":"2024-08-29T10:47:37","modified_gmt":"2024-08-29T08:47:37","slug":"isplata-bozicnica-umirovljenicima-i-nezaposlenim-osobama-s-prebivalistem-na-podrucju-grada-kastela","status":"publish","type":"post","link":"https:\/\/kastela.hr\/en\/2022\/12\/02\/isplata-bozicnica-umirovljenicima-i-nezaposlenim-osobama-s-prebivalistem-na-podrucju-grada-kastela\/","title":{"rendered":"Isplata bo\u017ei\u0107nica umirovljenicima i nezaposlenim osobama s prebivali\u0161tem na podru\u010dju grada Ka\u0161tela"},"content":{"rendered":"<p><span style=\"font-weight:400; font-variant:normal; white-space:pre-wrap\"><span style=\"font-style:normal\">Odlukom Gradskog vije\u0107a bo\u017ei\u0107nice&nbsp;\u0107e se dijeliti kao poklon bon na sljede\u0107i na\u010din:<\/span><\/span><\/p>\n<ul>\n<li aria-level=\"1\" style=\"list-style-type:disc\"><span style=\"font-weight:400; font-variant:normal; white-space:pre-wrap\"><span style=\"font-style:normal\">Umirovljenicima koji imaju mirovinu u iznosu do 2.000,00 kn, bo\u017ei\u0107nice \u0107e se dijeliti u iznosu od 200,00 kn<\/span><\/span><\/li>\n<li aria-level=\"1\" style=\"list-style-type:disc\"><span style=\"font-weight:400; font-variant:normal; white-space:pre-wrap\"><span style=\"font-style:normal\">Umirovljenicima koji imaju mirovinu od 2.000,01 kn do 3.000,00 kn bo\u017ei\u0107nice \u0107e se dijeliti u iznosu od 150,00 kn.<\/span><\/span><\/li>\n<li aria-level=\"1\" style=\"list-style-type:disc\"><span style=\"font-weight:400; font-variant:normal; white-space:pre-wrap\"><span style=\"font-style:normal\">Umirovljenicima koji imaju mirovinu od 3.000,01 kn do 4.000,00 kn bo\u017ei\u0107nice \u0107e se dijeliti u iznosu od 100,00 kn.<\/span><\/span><\/li>\n<\/ul>\n<p style=\"padding:0pt 0pt 12pt 0pt\"><span style=\"font-weight:400; font-variant:normal; white-space:pre-wrap\"><span style=\"font-style:normal\">Podjela bo\u017ei\u0107nica umirovljenicima obavljat \u0107e se<\/span><\/span><span style=\"font-weight:700; font-variant:normal; white-space:pre-wrap\"><span style=\"font-style:normal\">&nbsp;od ponedjeljka do petka 12. ,13., 14., 15., i 16 prosinca <\/span><\/span><span style=\"font-weight:400; font-variant:normal; white-space:pre-wrap\"><span style=\"font-style:normal\">od&nbsp;<\/span><\/span><span style=\"font-weight:700; font-variant:normal; white-space:pre-wrap\"><span style=\"font-style:normal\">8 do 13 sati<\/span><\/span><span style=\"font-weight:400; font-variant:normal; white-space:pre-wrap\"><span style=\"font-style:normal\">&nbsp;na slijede\u0107im lokacijama:<\/span><\/span><\/p>\n<p style=\"padding:0pt 0pt 12pt 0pt\"><span style=\"font-weight:400; font-variant:normal; white-space:pre-wrap\"><span style=\"font-style:normal\">&ndash; prostorija Mjesnog odbora Ka\u0161tel Su\u0107urac za <\/span><\/span><span style=\"font-weight:700; font-variant:normal; white-space:pre-wrap\"><span style=\"font-style:normal\">Ka\u0161tel Su\u0107urac i Ka\u0161tel Gomilicu<\/span><\/span><br \/>\n<span style=\"font-weight:400; font-variant:normal; white-space:pre-wrap\"><span style=\"font-style:normal\">&ndash; prostorija Udruge umirovljenika u Ka\u0161tel Kambelovcu za <\/span><\/span><span style=\"font-weight:700; font-variant:normal; white-space:pre-wrap\"><span style=\"font-style:normal\">Ka\u0161tel Kambelovac i Ka\u0161tel Luk\u0161i\u0107<\/span><\/span><br \/>\n<span style=\"font-weight:400; font-variant:normal; white-space:pre-wrap\"><span style=\"font-style:normal\">&ndash; prostorija Udruge tjelesnih invalida u Ka\u0161tel Novom za <\/span><\/span><span style=\"font-weight:700; font-variant:normal; white-space:pre-wrap\"><span style=\"font-style:normal\">Ka\u0161tel Stari<\/span><\/span><br \/>\n<span style=\"font-weight:400; font-variant:normal; white-space:pre-wrap\"><span style=\"font-style:normal\">&ndash; prostorija Lova\u010dkog doma u Ka\u0161tel Novom za <\/span><\/span><span style=\"font-weight:700; font-variant:normal; white-space:pre-wrap\"><span style=\"font-style:normal\">Ka\u0161tel Novi i Ka\u0161tel \u0160tafili\u0107<\/span><\/span><\/p>\n<p style=\"padding:0pt 0pt 12pt 0pt\"><span style=\"font-weight:700; font-variant:normal; white-space:pre-wrap\"><span style=\"font-style:normal\">Pri preuzimanju bo\u017ei\u0107nice, umirovljenici su du\u017eni predo\u010diti svoju osobnu iskaznicu, zadnji odrezak od mirovine, a ukoliko ga ne posjeduju, onda izvadak iz banke ili rje\u0161enje o mirovini, koje ne smije biti starije od jedne godine (donijeti presliku).<\/span><\/span><\/p>\n<p style=\"padding:0pt 0pt 12pt 0pt\"><span style=\"font-weight:400; font-variant:normal; white-space:pre-wrap\"><span style=\"font-style:normal\">Za gra\u0111ane Ka\u0161tela lo\u0161ijeg zdravstvenog stanja, koji nisu u mogu\u0107nosti osobno predignuti bon, omogu\u0107eno je da u njihovo ime bo\u017ei\u0107nicu mo\u017ee preuzeti \u010dlan obitelji. U tom slu\u010daju osoba, koja preuzima poklon bon, treba ponijeti svoju osobnu iskaznicu kao i osobnu iskaznicu osobe za koju predi\u017ee bo\u017ei\u0107nicu,<\/span><\/span><span style=\"font-weight:700; font-variant:normal; white-space:pre-wrap\"><span style=\"font-style:normal\"> <\/span><\/span><span style=\"font-weight:400; font-variant:normal; white-space:pre-wrap\"><span style=\"font-style:normal\">zadnji odrezak od mirovine, a ukoliko ga ne posjeduju, onda izvadak iz banke ili rje\u0161enje o mirovini, koje ne smije biti starije od jedne godine (donijeti presliku).&nbsp;<\/span><\/span><\/p>\n<p style=\"padding:0pt 0pt 12pt 0pt\"><span style=\"font-weight:700; font-variant:normal; white-space:pre-wrap\"><span style=\"font-style:normal\">Odlukom Gradskog vije\u0107a grada Ka\u0161tela, bo\u017ei\u0107nice \u0107e se dijeliti i nezaposlenim osobama s prebivali\u0161tem na podru\u010dju grada Ka\u0161tela<\/span><\/span><span style=\"font-weight:400; font-variant:normal; white-space:pre-wrap\"><span style=\"font-style:normal\">, a prema evidenciji Hrvatskog zavoda za zapo\u0161ljavanje i to onima koji su upisani u evidenciju do 30.11.2022. godine (naknadne potvrde izdane iza 30.11.2022. g. ne vrijede.)<\/span><\/span><\/p>\n<p style=\"padding:0pt 0pt 12pt 0pt\"><span style=\"font-weight:400; font-variant:normal; white-space:pre-wrap\"><span style=\"font-style:normal\">Nezaposlene osobe identitet \u0107e potvrditi predo\u010denjem va\u017ee\u0107e osobne iskaznice, a svoju bo\u017ei\u0107nicu u iznosu od 200,00 kn mogu preuzeti:<\/span><\/span><\/p>\n<p style=\"padding:0pt 0pt 12pt 0pt\"><span style=\"font-weight:400; font-variant:normal; white-space:pre-wrap\"><span style=\"font-style:normal\">&ndash; na ulazu u gradsku \u0161portsku dvoranu u Ka\u0161tel Su\u0107urcu se<\/span><\/span><span style=\"font-weight:700; font-variant:normal; white-space:pre-wrap\"><span style=\"font-style:normal\">&nbsp;12. ,13., 14., 15., i 16 prosinca <\/span><\/span><span style=\"font-weight:400; font-variant:normal; white-space:pre-wrap\"><span style=\"font-style:normal\">od&nbsp;<\/span><\/span><span style=\"font-weight:700; font-variant:normal; white-space:pre-wrap\"><span style=\"font-style:normal\">8 do 13 sati<\/span><\/span><span style=\"font-weight:400; font-variant:normal; white-space:pre-wrap\"><span style=\"font-style:normal\">&nbsp;<\/span><\/span><\/p>\n<p style=\"padding:0pt 0pt 12pt 0pt\"><span style=\"font-weight:400; font-variant:normal; white-space:pre-wrap\"><span style=\"font-style:normal\">Osobe koje su korisnici minimalne zajam\u010dene naknade, odlukom gradona\u010delnika, dobit \u0107e poklon bon u iznosu od 200,00 kn koji mogu preuzeti&nbsp;<\/span><\/span><span style=\"font-weight:700; font-variant:normal; white-space:pre-wrap\"><span style=\"font-style:normal\">&nbsp;12. prosinca (ponedjeljak)<\/span><\/span><span style=\"font-weight:400; font-variant:normal; white-space:pre-wrap\"><span style=\"font-style:normal\">&nbsp;u zgradi Gradske uprave u vremenu od 08 do 13 sati, uz predo\u010denje osobne iskaznice.&nbsp;<\/span><\/span><\/p>\n<p style=\"padding:0pt 0pt 12pt 0pt\"><span style=\"font-weight:700; font-variant:normal; white-space:pre-wrap\"><span style=\"font-style:normal\">Oni koji su korisnici minimalne zajam\u010dene naknade, a ujedno i u evidenciji HZZ-a kao nezaposleni mogu pravo na bo\u017ei\u0107nicu ostvariti samo po jednom kriteriju.<\/span><\/span><\/p>\n<p style=\"padding:0pt 0pt 12pt 0pt\"><span style=\"font-weight:400; font-variant:normal; white-space:pre-wrap\"><span style=\"font-style:normal\">Bo\u017ei\u0107nice \u0107e gra\u0111anima biti ispla\u0107ene iz gradskog prora\u010duna, a u obliku poklon-bona koji se mo\u017ee iskoristiti u trgovinama Tommy d.o.o. i Ribola d.o.o.<\/span><\/span><\/p>\n<p style=\"margin-bottom:16px\"><span style=\"font-weight:400; font-variant:normal; white-space:pre-wrap\"><span style=\"font-style:normal\">Za one koji ne mogu do\u0107i u navedenim terminima svoju bo\u017ei\u0107nicu \u0107e mo\u0107i preuzeti radnim danom u zgradi Gradske uprave&nbsp;<\/span><\/span><span style=\"font-weight:700; font-variant:normal; white-space:pre-wrap\"><span style=\"font-style:normal\">do 14. sije\u010dnja 2023. od 8,00 do 13 sati<\/span><\/span><span style=\"font-weight:400; font-variant:normal; white-space:pre-wrap\"><span style=\"font-style:normal\">.<\/span><\/span><\/p>\n<p>&nbsp;<\/p>\n","protected":false},"excerpt":{"rendered":"<p>Odlukom Gradskog vije\u0107a bo\u017ei\u0107nice&nbsp;\u0107e se dijeliti kao poklon bon na sljede\u0107i na\u010din: Umirovljenicima koji imaju mirovinu u iznosu do 2.000,00 [&hellip;]<\/p>\n","protected":false},"author":7,"featured_media":2701,"comment_status":"closed","ping_status":"open","sticky":false,"template":"","format":"standard","meta":{"_acf_changed":false,"footnotes":""},"categories":[1],"tags":[],"class_list":["post-2700","post","type-post","status-publish","format-standard","has-post-thumbnail","hentry","category-novosti"],"acf":[],"_links":{"self":[{"href":"https:\/\/kastela.hr\/en\/wp-json\/wp\/v2\/posts\/2700","targetHints":{"allow":["GET"]}}],"collection":[{"href":"https:\/\/kastela.hr\/en\/wp-json\/wp\/v2\/posts"}],"about":[{"href":"https:\/\/kastela.hr\/en\/wp-json\/wp\/v2\/types\/post"}],"author":[{"embeddable":true,"href":"https:\/\/kastela.hr\/en\/wp-json\/wp\/v2\/users\/7"}],"replies":[{"embeddable":true,"href":"https:\/\/kastela.hr\/en\/wp-json\/wp\/v2\/comments?post=2700"}],"version-history":[{"count":1,"href":"https:\/\/kastela.hr\/en\/wp-json\/wp\/v2\/posts\/2700\/revisions"}],"predecessor-version":[{"id":4087,"href":"https:\/\/kastela.hr\/en\/wp-json\/wp\/v2\/posts\/2700\/revisions\/4087"}],"wp:featuredmedia":[{"embeddable":true,"href":"https:\/\/kastela.hr\/en\/wp-json\/wp\/v2\/media\/2701"}],"wp:attachment":[{"href":"https:\/\/kastela.hr\/en\/wp-json\/wp\/v2\/media?parent=2700"}],"wp:term":[{"taxonomy":"category","embeddable":true,"href":"https:\/\/kastela.hr\/en\/wp-json\/wp\/v2\/categories?post=2700"},{"taxonomy":"post_tag","embeddable":true,"href":"https:\/\/kastela.hr\/en\/wp-json\/wp\/v2\/tags?post=2700"}],"curies":[{"name":"wp","href":"https:\/\/api.w.org\/{rel}","templated":true}]}}