{"id":2697,"date":"2022-12-04T13:39:00","date_gmt":"2022-12-04T12:39:00","guid":{"rendered":"https:\/\/kastela.hr\/en\/2022\/12\/04\/odgodena-predstava-za-djecu-novogodisnji-postar\/"},"modified":"2024-08-29T10:47:37","modified_gmt":"2024-08-29T08:47:37","slug":"odgodena-predstava-za-djecu-novogodisnji-postar","status":"publish","type":"post","link":"https:\/\/kastela.hr\/en\/2022\/12\/04\/odgodena-predstava-za-djecu-novogodisnji-postar\/","title":{"rendered":"Odgo\u0111ena predstava za djecu &#8216;Novogodi\u0161nji po\u0161tar&#8217;"},"content":{"rendered":"<p>Zbog nepovoljnih vremenskih prilika odga\u0111a se predstava za djecu &#39;Novogodi\u0161nji po\u0161tar&#39; koja se trebala odr\u017eati danas, 4. prosinca u Novom parku s po\u010detkom u 17 sati. Novi termin predstave biti \u0107e objavljen uskoro.&nbsp;<\/p>\n<p>Miro Boem &amp; Aritmija Band sviraju ve\u010deras u Novom parku s po\u010detkom u 21 sat.<\/p>\n","protected":false},"excerpt":{"rendered":"<p>Zbog nepovoljnih vremenskih prilika odga\u0111a se predstava za djecu &#39;Novogodi\u0161nji po\u0161tar&#39; koja se trebala odr\u017eati danas, 4. prosinca u Novom [&hellip;]<\/p>\n","protected":false},"author":7,"featured_media":2698,"comment_status":"closed","ping_status":"open","sticky":false,"template":"","format":"standard","meta":{"_acf_changed":false,"footnotes":""},"categories":[1],"tags":[],"class_list":["post-2697","post","type-post","status-publish","format-standard","has-post-thumbnail","hentry","category-novosti"],"acf":[],"_links":{"self":[{"href":"https:\/\/kastela.hr\/en\/wp-json\/wp\/v2\/posts\/2697","targetHints":{"allow":["GET"]}}],"collection":[{"href":"https:\/\/kastela.hr\/en\/wp-json\/wp\/v2\/posts"}],"about":[{"href":"https:\/\/kastela.hr\/en\/wp-json\/wp\/v2\/types\/post"}],"author":[{"embeddable":true,"href":"https:\/\/kastela.hr\/en\/wp-json\/wp\/v2\/users\/7"}],"replies":[{"embeddable":true,"href":"https:\/\/kastela.hr\/en\/wp-json\/wp\/v2\/comments?post=2697"}],"version-history":[{"count":1,"href":"https:\/\/kastela.hr\/en\/wp-json\/wp\/v2\/posts\/2697\/revisions"}],"predecessor-version":[{"id":4086,"href":"https:\/\/kastela.hr\/en\/wp-json\/wp\/v2\/posts\/2697\/revisions\/4086"}],"wp:featuredmedia":[{"embeddable":true,"href":"https:\/\/kastela.hr\/en\/wp-json\/wp\/v2\/media\/2698"}],"wp:attachment":[{"href":"https:\/\/kastela.hr\/en\/wp-json\/wp\/v2\/media?parent=2697"}],"wp:term":[{"taxonomy":"category","embeddable":true,"href":"https:\/\/kastela.hr\/en\/wp-json\/wp\/v2\/categories?post=2697"},{"taxonomy":"post_tag","embeddable":true,"href":"https:\/\/kastela.hr\/en\/wp-json\/wp\/v2\/tags?post=2697"}],"curies":[{"name":"wp","href":"https:\/\/api.w.org\/{rel}","templated":true}]}}