{"id":2691,"date":"2022-12-06T13:41:00","date_gmt":"2022-12-06T12:41:00","guid":{"rendered":"https:\/\/kastela.hr\/en\/2022\/12\/06\/zbog-vremenskih-neprilika-otkazano-druzenje-sa-svetim-nikolom\/"},"modified":"2024-08-29T10:47:37","modified_gmt":"2024-08-29T08:47:37","slug":"zbog-vremenskih-neprilika-otkazano-druzenje-sa-svetim-nikolom","status":"publish","type":"post","link":"https:\/\/kastela.hr\/en\/2022\/12\/06\/zbog-vremenskih-neprilika-otkazano-druzenje-sa-svetim-nikolom\/","title":{"rendered":"Zbog vremenskih neprilika otkazano dru\u017eenje sa svetim Nikolom"},"content":{"rendered":"<p>U suradnji sa Gradskom knji\u017enicom Ka\u0161tela i djecom iz Dramske grupe Gradske knji\u017enice Ka\u0161tela danas se trebao odr\u017eati dje\u010dji program pjesama i igrokaza o svetom Nikoli kao i darivanje svetog Nikole.&nbsp;<\/p>\n<p>Na\u017ealost, zbog lo\u0161ih vremenskih uvjeta otkazano je dru\u017eenje sa svetim Nikolom zakazano za danas u 17 sati u Novom parku u Ka\u0161tel Luk\u0161i\u0107u.<\/p>\n","protected":false},"excerpt":{"rendered":"<p>U suradnji sa Gradskom knji\u017enicom Ka\u0161tela i djecom iz Dramske grupe Gradske knji\u017enice Ka\u0161tela danas se trebao odr\u017eati dje\u010dji program [&hellip;]<\/p>\n","protected":false},"author":7,"featured_media":2692,"comment_status":"closed","ping_status":"open","sticky":false,"template":"","format":"standard","meta":{"_acf_changed":false,"footnotes":""},"categories":[1],"tags":[],"class_list":["post-2691","post","type-post","status-publish","format-standard","has-post-thumbnail","hentry","category-novosti"],"acf":[],"_links":{"self":[{"href":"https:\/\/kastela.hr\/en\/wp-json\/wp\/v2\/posts\/2691","targetHints":{"allow":["GET"]}}],"collection":[{"href":"https:\/\/kastela.hr\/en\/wp-json\/wp\/v2\/posts"}],"about":[{"href":"https:\/\/kastela.hr\/en\/wp-json\/wp\/v2\/types\/post"}],"author":[{"embeddable":true,"href":"https:\/\/kastela.hr\/en\/wp-json\/wp\/v2\/users\/7"}],"replies":[{"embeddable":true,"href":"https:\/\/kastela.hr\/en\/wp-json\/wp\/v2\/comments?post=2691"}],"version-history":[{"count":1,"href":"https:\/\/kastela.hr\/en\/wp-json\/wp\/v2\/posts\/2691\/revisions"}],"predecessor-version":[{"id":4083,"href":"https:\/\/kastela.hr\/en\/wp-json\/wp\/v2\/posts\/2691\/revisions\/4083"}],"wp:featuredmedia":[{"embeddable":true,"href":"https:\/\/kastela.hr\/en\/wp-json\/wp\/v2\/media\/2692"}],"wp:attachment":[{"href":"https:\/\/kastela.hr\/en\/wp-json\/wp\/v2\/media?parent=2691"}],"wp:term":[{"taxonomy":"category","embeddable":true,"href":"https:\/\/kastela.hr\/en\/wp-json\/wp\/v2\/categories?post=2691"},{"taxonomy":"post_tag","embeddable":true,"href":"https:\/\/kastela.hr\/en\/wp-json\/wp\/v2\/tags?post=2691"}],"curies":[{"name":"wp","href":"https:\/\/api.w.org\/{rel}","templated":true}]}}