{"id":2688,"date":"2022-12-07T11:43:00","date_gmt":"2022-12-07T10:43:00","guid":{"rendered":"https:\/\/kastela.hr\/en\/2022\/12\/07\/sazvana-11-sjednica-gradskog-vijeca\/"},"modified":"2024-11-28T09:14:00","modified_gmt":"2024-11-28T08:14:00","slug":"sazvana-11-sjednica-gradskog-vijeca","status":"publish","type":"post","link":"https:\/\/kastela.hr\/en\/2022\/12\/07\/sazvana-11-sjednica-gradskog-vijeca\/","title":{"rendered":"Sazvana 11. sjednica Gradskog vije\u0107a"},"content":{"rendered":"<p>Predsjednik Gradskog vije\u0107a Ivan Udovi\u010di\u0107 sazvao je 11. sjednicu Gradskog vije\u0107a Grada Ka\u0161tela za dan 14. prosinca (srijeda) 2022. g. u 10 sati u Gradskoj vije\u0107nici.&nbsp;<\/p>\n<p>Dnevni red se sastoji od dvadeset to\u010daka:<\/p>\n<div style=\"border:none black 1.0pt; padding:0cm 0cm 0cm 0cm\">\n<p style=\"border:none; text-align:justify; padding:0cm\">&nbsp; 1. Usvajanje Zapisnika s 10. sjednice Gradskog vije\u0107a<\/p>\n<p class=\"LO-Normal\" style=\"border:none; text-align:justify; padding:0cm\">&nbsp;&nbsp;2. Vije\u0107ni\u010dka pitanja i prijedlozi<\/p>\n<p style=\"border:none; text-align:justify; padding:0cm\">&nbsp; 3. Prijedlog&nbsp; 2. izmjena i dopuna Prora\u010duna Grada Ka\u0161tela za 2022. godinu<\/p>\n<p class=\"LO-Normal\" style=\"border:none; padding:0cm\">&nbsp;&nbsp;&nbsp;&nbsp;&nbsp;&nbsp; &#8211; Izvjestiteljica: Matija Marija \u0110iki\u0107, pro\u010delnica Upravnog odjela za prora\u010dun, financije i naplatu prihoda<\/p>\n<p style=\"border:none; text-align:justify; padding:0cm\">&nbsp; 4. Prijedlog 2. izmjena i dopuna Programa gra\u0111enja komunalne infrastrukture za 2022. godinu<\/p>\n<p style=\"border:none; text-align:justify; padding:0cm\">&nbsp; &nbsp;&nbsp;&nbsp;&nbsp;&#8211; Izvjestitelj: Ivica \u0160kopljanac, pro\u010delnik Upravnog odjela za komunalno gospodarstvo i imovinu<\/p>\n<p style=\"border:none; text-align:justify; padding:0cm\">&nbsp; 5. Prijedlog 2. izmjena i dopuna Programa odr\u017eavanja komunalne infrastrukture u gradu Ka\u0161tela za 2022. godinu<\/p>\n<p class=\"LO-Normal\" style=\"border:none; padding:0cm\">&nbsp; &nbsp;&nbsp;&nbsp;&nbsp;&#8211; Izvjestitelji: Ivica \u0160kopljanac, pro\u010delnik Upravnog odjela za komunalno gospodarstvo i imovinu i Ivan \u010cagalj, upravitelj Vlastitog pogona<\/p>\n<p style=\"border:none; text-align:justify; padding:0cm\">&nbsp; 6. Prijedlog 2. izmjena Programa javnih potreba u socijalnoj skrbi i zdravstvenoj za\u0161titi Grada Ka\u0161tela za 2022. godinu<\/p>\n<p style=\"border:none; text-align:justify; padding:0cm\">&nbsp; 7. Prijedlog 2. izmjena Programa financiranja javnih potreba u pred\u0161kolskom odgoju Grada Ka\u0161tela za 2022.&nbsp;godinu<\/p>\n<p style=\"border:none; text-align:justify; padding:0cm\">&nbsp; 8. Prijedlog 2. izmjena Programa financiranja javnih potreba u obrazovanju Grada Ka\u0161tela za 2022. godinu<\/p>\n<p style=\"border:none; text-align:justify; padding:0cm\">&nbsp; 9. Prijedlog 2. &nbsp;Izmjene programa Javnih potreba u kulturi Grada Ka\u0161tela za 2022. godinu<\/p>\n<p style=\"border:none; padding:0cm\">10. Prijedlog 2.. izmjene Programa financiranja javnih potreba u \u0161portu Grada Ka\u0161tela za 2022.&nbsp;godinu<\/p>\n<p style=\"border:none; text-align:justify; padding:0cm\">11. Prijedlog 3. izmjena Programa financiranja javnih potreba udruga gra\u0111ana, institucija, ustanova i vjerskih zajednica Grada Ka\u0161tela za 2022. godinu<\/p>\n<p class=\"LO-Normal\" style=\"border:none; padding:0cm\">12. Prijedlog 2. izmjena Programa javnih potreba u protupo\u017earnoj i civilnoj za\u0161titi Grada Ka\u0161tela za 2022. godinu<\/p>\n<p style=\"border:none; padding:0cm\">13. Prijedlog&nbsp; odluke o dono\u0161enju Plana djelovanja u podru\u010dju prirodnih nepogoda za 2023. godinu<\/p>\n<\/div>\n<p class=\"MsoNoSpacing\">&nbsp;&nbsp;&nbsp;&nbsp;&nbsp; &#8211; Izvjestiteljica: t. 6. do t. 13.: Antonia Kljai\u0107, pro\u010delnica Upravnog odjela za dru\u0161tvene djelatnosti i zajedni\u010dke poslove<\/p>\n<div style=\"border:none black 1.0pt; padding:0cm 0cm 0cm 0cm\">\n<p class=\"LO-Normal\" style=\"border:none; padding:0cm\">14. Prijedlog odluke o privremenoj zabrani izvo\u0111enja radova u 2023. godini<\/p>\n<\/div>\n<p class=\"MsoNoSpacing\">&nbsp;&nbsp;&nbsp;&nbsp; &nbsp;&#8211; Izvjestiteljica: Marija Vu\u010dica, pro\u010delnica Upravnog odjela za gospodarski razvoj i fondove Europske unije<\/p>\n<p class=\"MsoNoSpacing\">15. Prijedlog odluke o raspore\u0111ivanju sredstava za&nbsp; financiranje politi\u010dkih stranaka i nezavisnih vije\u0107nika&nbsp;zastupljenih u Gradskom vije\u0107u Grada Ka\u0161tela u 2023. godini<\/p>\n<p class=\"MsoNoSpacing\">&nbsp;&nbsp;&nbsp;&nbsp; &#8211; Izvjestiteljica: Ivana Modri\u0107, pro\u010delnica Upravnog odjela za poslove Gradona\u010delnika i stru\u010dne poslove<\/p>\n<div style=\"border:none black 1.0pt; padding:0cm 0cm 0cm 0cm\">\n<p class=\"LO-Normal\" style=\"border:none; padding:0cm\">16. Prijedlog odluke o davanju odobrenja na Program rada Savjeta mladih s financijskim planom za 2023.&nbsp; godinu<\/p>\n<\/div>\n<p class=\"MsoNoSpacing\">&nbsp;&nbsp;&nbsp;&nbsp;&nbsp; &#8211; Izvjestitelj: Ante Baturina, predsjednik Savjeta mladih<\/p>\n<p class=\"MsoNoSpacing\">17. Prijedlog odluke o socijalnoj skrbi<\/p>\n<p class=\"MsoNoSpacing\">&nbsp;&nbsp;&nbsp;&nbsp;&nbsp; &#8211; Izvjestiteljica: Antonia Kljai\u0107, pro\u010delnica Upravnog odjela za dru\u0161tvene djelatnosti i zajedni\u010dke poslove<\/p>\n<div style=\"border:none black 1.0pt; padding:0cm 0cm 0cm 0cm\">\n<p class=\"LO-Normal\" style=\"border:none; padding:0cm\">18. Prijedlog odluke o dopuni Odluke o na\u010dinu upravljanja i kori\u0161tenju sportskih gra\u0111evina u vlasni\u0161tvu Grada Ka\u0161tela<\/p>\n<p style=\"border:none; padding:0cm\">19. Prijedlog odluke o izboru najpovoljnijeg ponuditelja u postupku prodaje nekretnine u vlasni\u0161tvu Grada Ka\u0161tela (\u010dest. zem.&nbsp; 8177\/2, 8069\/2, 8070\/2, 8067 i 8063 k.o. Ka\u0161tel Su\u0107urac)<\/p>\n<p class=\"LO-Normal\" style=\"border:none; padding:0cm\">&nbsp; &nbsp;&nbsp;&nbsp;&nbsp;&#8211; Izvjestitelj t.18. i t. 19.: Ivica \u0160kopljanac, pro\u010delnik Upravnog odjela za komunalno gospodarstvo i imovinu<\/p>\n<p class=\"LO-Normal\" style=\"border:none; padding:0cm\">20. Prijedlog odluke o stavljanju izvan snage Pravilnika o provedbi jednostavne nabave<\/p>\n<p class=\"LO-Normal\" style=\"border:none; padding:0cm\">&nbsp; &nbsp;&nbsp;&nbsp;&nbsp;&#8211; Izvjestiteljica: Matija Marija \u0110iki\u0107, pro\u010delnica Upravnog odjela za prora\u010dun, financije i naplatu prihoda<\/p>\n<p class=\"LO-Normal\" style=\"border:none; padding:0cm\">&nbsp;<\/p>\n<\/div>\n","protected":false},"excerpt":{"rendered":"<p>Predsjednik Gradskog vije\u0107a Ivan Udovi\u010di\u0107 sazvao je 11. sjednicu Gradskog vije\u0107a Grada Ka\u0161tela za dan 14. prosinca (srijeda) 2022. g. [&hellip;]<\/p>\n","protected":false},"author":7,"featured_media":2689,"comment_status":"closed","ping_status":"open","sticky":false,"template":"","format":"standard","meta":{"_acf_changed":false,"footnotes":""},"categories":[1],"tags":[],"class_list":["post-2688","post","type-post","status-publish","format-standard","has-post-thumbnail","hentry","category-novosti"],"acf":[],"_links":{"self":[{"href":"https:\/\/kastela.hr\/en\/wp-json\/wp\/v2\/posts\/2688","targetHints":{"allow":["GET"]}}],"collection":[{"href":"https:\/\/kastela.hr\/en\/wp-json\/wp\/v2\/posts"}],"about":[{"href":"https:\/\/kastela.hr\/en\/wp-json\/wp\/v2\/types\/post"}],"author":[{"embeddable":true,"href":"https:\/\/kastela.hr\/en\/wp-json\/wp\/v2\/users\/7"}],"replies":[{"embeddable":true,"href":"https:\/\/kastela.hr\/en\/wp-json\/wp\/v2\/comments?post=2688"}],"version-history":[{"count":2,"href":"https:\/\/kastela.hr\/en\/wp-json\/wp\/v2\/posts\/2688\/revisions"}],"predecessor-version":[{"id":13804,"href":"https:\/\/kastela.hr\/en\/wp-json\/wp\/v2\/posts\/2688\/revisions\/13804"}],"wp:featuredmedia":[{"embeddable":true,"href":"https:\/\/kastela.hr\/en\/wp-json\/wp\/v2\/media\/2689"}],"wp:attachment":[{"href":"https:\/\/kastela.hr\/en\/wp-json\/wp\/v2\/media?parent=2688"}],"wp:term":[{"taxonomy":"category","embeddable":true,"href":"https:\/\/kastela.hr\/en\/wp-json\/wp\/v2\/categories?post=2688"},{"taxonomy":"post_tag","embeddable":true,"href":"https:\/\/kastela.hr\/en\/wp-json\/wp\/v2\/tags?post=2688"}],"curies":[{"name":"wp","href":"https:\/\/api.w.org\/{rel}","templated":true}]}}