{"id":2685,"date":"2022-12-08T11:58:00","date_gmt":"2022-12-08T10:58:00","guid":{"rendered":"https:\/\/kastela.hr\/en\/2022\/12\/08\/odgada-se-koncert-sandija-cenova\/"},"modified":"2024-08-29T10:47:37","modified_gmt":"2024-08-29T08:47:37","slug":"odgada-se-koncert-sandija-cenova","status":"publish","type":"post","link":"https:\/\/kastela.hr\/en\/2022\/12\/08\/odgada-se-koncert-sandija-cenova\/","title":{"rendered":"Odga\u0111a se koncert Sandija Cenova"},"content":{"rendered":"<p>Zbog najavljenog lo\u0161eg vremena odga\u0111a se koncert Sandija Cenova koji se trebao odr\u017eati sutra, 9. prosinca u 21 sat u Novom parku u Ka\u0161tel Luk\u0161i\u0107u. Koncert \u0107e se odr\u017eati u nedjelju, 11. prosinca s po\u010detkom u 20.30 sati na istom mjestu.&nbsp;<\/p>\n","protected":false},"excerpt":{"rendered":"<p>Zbog najavljenog lo\u0161eg vremena odga\u0111a se koncert Sandija Cenova koji se trebao odr\u017eati sutra, 9. prosinca u 21 sat u [&hellip;]<\/p>\n","protected":false},"author":7,"featured_media":2686,"comment_status":"closed","ping_status":"open","sticky":false,"template":"","format":"standard","meta":{"_acf_changed":false,"footnotes":""},"categories":[1],"tags":[],"class_list":["post-2685","post","type-post","status-publish","format-standard","has-post-thumbnail","hentry","category-novosti"],"acf":[],"_links":{"self":[{"href":"https:\/\/kastela.hr\/en\/wp-json\/wp\/v2\/posts\/2685","targetHints":{"allow":["GET"]}}],"collection":[{"href":"https:\/\/kastela.hr\/en\/wp-json\/wp\/v2\/posts"}],"about":[{"href":"https:\/\/kastela.hr\/en\/wp-json\/wp\/v2\/types\/post"}],"author":[{"embeddable":true,"href":"https:\/\/kastela.hr\/en\/wp-json\/wp\/v2\/users\/7"}],"replies":[{"embeddable":true,"href":"https:\/\/kastela.hr\/en\/wp-json\/wp\/v2\/comments?post=2685"}],"version-history":[{"count":1,"href":"https:\/\/kastela.hr\/en\/wp-json\/wp\/v2\/posts\/2685\/revisions"}],"predecessor-version":[{"id":4081,"href":"https:\/\/kastela.hr\/en\/wp-json\/wp\/v2\/posts\/2685\/revisions\/4081"}],"wp:featuredmedia":[{"embeddable":true,"href":"https:\/\/kastela.hr\/en\/wp-json\/wp\/v2\/media\/2686"}],"wp:attachment":[{"href":"https:\/\/kastela.hr\/en\/wp-json\/wp\/v2\/media?parent=2685"}],"wp:term":[{"taxonomy":"category","embeddable":true,"href":"https:\/\/kastela.hr\/en\/wp-json\/wp\/v2\/categories?post=2685"},{"taxonomy":"post_tag","embeddable":true,"href":"https:\/\/kastela.hr\/en\/wp-json\/wp\/v2\/tags?post=2685"}],"curies":[{"name":"wp","href":"https:\/\/api.w.org\/{rel}","templated":true}]}}