{"id":2682,"date":"2022-12-09T11:17:00","date_gmt":"2022-12-09T10:17:00","guid":{"rendered":"https:\/\/kastela.hr\/en\/2022\/12\/09\/kastelara-vas-poziva-na-predavanje-morski-otpad-i-mjere-za-pracenje-kolicine-oneciscenja\/"},"modified":"2024-08-29T10:47:37","modified_gmt":"2024-08-29T08:47:37","slug":"kastelara-vas-poziva-na-predavanje-morski-otpad-i-mjere-za-pracenje-kolicine-oneciscenja","status":"publish","type":"post","link":"https:\/\/kastela.hr\/en\/2022\/12\/09\/kastelara-vas-poziva-na-predavanje-morski-otpad-i-mjere-za-pracenje-kolicine-oneciscenja\/","title":{"rendered":"KASTELARA vas poziva na predavanje &#8216;Morski otpad i mjere za pra\u0107enje koli\u010dine one\u010di\u0161\u0107enja&#8217;"},"content":{"rendered":"<p>KASTELARA vas poziva na predavanje &bdquo;<b>Morski otpad i mjere za pra\u0107enje koli\u010dine one\u010di\u0161\u0107enja&ldquo;<\/b>&nbsp;u organizaciji Udruge za prirodu, okoli\u0161 i odr\u017eivi razvoj Sunce i <span style=\"background:white\">Centra za za\u0161titu kulturne ba\u0161tine i klimatske promjene<\/span>, koje \u0107e se odr\u017eati:<\/p>\n<p>13. prosinca, s po\u010detkom u 17 sati, u Vili Nika, na adresi: <span style=\"background:white\">Kamberovo \u0161etali\u0161te bb, 21216, Ka\u0161tel Stari.<\/span><\/p>\n<p><span style=\"background:white\">Program predavanja:<\/span><\/p>\n<ul>\n<li><span style=\"background:white\">Upoznavanje s radom <\/span>Udruge za prirodu, okoli\u0161 i odr\u017eivi razvoj Sunce<\/li>\n<li>Upoznavanje s projektom LIFE Artina &ndash; Mre\u017ea za o\u010duvanje morskih ptica u Jadranu i protokolima za pra\u0107enje koli\u010dine i sastava otpada na pla\u017eama i na povr\u0161ini mora<\/li>\n<li><span style=\"background:white\">Predstavljanje rezultata ankete vezane uz anga\u017eiranost civilnog dru\u0161tva prilikom uklanjanja otpada s pla\u017ee i podmorja<\/span><\/li>\n<li style=\"margin-bottom:11px\"><span style=\"background:white\">Pregled mjera i preporuka za suzbijanje koli\u010dine otpada na pla\u017eama, povr\u0161ini mora i iz podmorja<\/span><\/li>\n<\/ul>\n<p style=\"margin-bottom:11px\">Vidimo se!<\/p>\n<p style=\"margin-bottom:11px\">&nbsp;<\/p>\n","protected":false},"excerpt":{"rendered":"<p>KASTELARA vas poziva na predavanje &bdquo;Morski otpad i mjere za pra\u0107enje koli\u010dine one\u010di\u0161\u0107enja&ldquo;&nbsp;u organizaciji Udruge za prirodu, okoli\u0161 i odr\u017eivi [&hellip;]<\/p>\n","protected":false},"author":7,"featured_media":2683,"comment_status":"closed","ping_status":"open","sticky":false,"template":"","format":"standard","meta":{"_acf_changed":false,"footnotes":""},"categories":[1],"tags":[],"class_list":["post-2682","post","type-post","status-publish","format-standard","has-post-thumbnail","hentry","category-novosti"],"acf":[],"_links":{"self":[{"href":"https:\/\/kastela.hr\/en\/wp-json\/wp\/v2\/posts\/2682","targetHints":{"allow":["GET"]}}],"collection":[{"href":"https:\/\/kastela.hr\/en\/wp-json\/wp\/v2\/posts"}],"about":[{"href":"https:\/\/kastela.hr\/en\/wp-json\/wp\/v2\/types\/post"}],"author":[{"embeddable":true,"href":"https:\/\/kastela.hr\/en\/wp-json\/wp\/v2\/users\/7"}],"replies":[{"embeddable":true,"href":"https:\/\/kastela.hr\/en\/wp-json\/wp\/v2\/comments?post=2682"}],"version-history":[{"count":1,"href":"https:\/\/kastela.hr\/en\/wp-json\/wp\/v2\/posts\/2682\/revisions"}],"predecessor-version":[{"id":4080,"href":"https:\/\/kastela.hr\/en\/wp-json\/wp\/v2\/posts\/2682\/revisions\/4080"}],"wp:featuredmedia":[{"embeddable":true,"href":"https:\/\/kastela.hr\/en\/wp-json\/wp\/v2\/media\/2683"}],"wp:attachment":[{"href":"https:\/\/kastela.hr\/en\/wp-json\/wp\/v2\/media?parent=2682"}],"wp:term":[{"taxonomy":"category","embeddable":true,"href":"https:\/\/kastela.hr\/en\/wp-json\/wp\/v2\/categories?post=2682"},{"taxonomy":"post_tag","embeddable":true,"href":"https:\/\/kastela.hr\/en\/wp-json\/wp\/v2\/tags?post=2682"}],"curies":[{"name":"wp","href":"https:\/\/api.w.org\/{rel}","templated":true}]}}