{"id":2679,"date":"2022-12-09T11:23:00","date_gmt":"2022-12-09T10:23:00","guid":{"rendered":"https:\/\/kastela.hr\/en\/2022\/12\/09\/program-adventa-za-vikend\/"},"modified":"2024-08-29T10:47:37","modified_gmt":"2024-08-29T08:47:37","slug":"program-adventa-za-vikend","status":"publish","type":"post","link":"https:\/\/kastela.hr\/en\/2022\/12\/09\/program-adventa-za-vikend\/","title":{"rendered":"Program Adventa za vikend"},"content":{"rendered":"<p>Predstava &quot;Zima, zima e pa \u0161ta&quot; \u010carobnih animatora koja se trebala odr\u017eati u Novom parku u Ka\u0161tel Luk\u0161i\u0107u, odr\u017eat \u0107e se u dvorcu Vitturi s po\u010detkom u 19 sati!<\/p>\n<p>Iza toga, u 21 sat sljedi John Doe Acustic band u Novom parku u Ka\u0161tel Luk\u0161i\u0107u.<\/p>\n<p>Nedjelja nam je rezervirana za Novi park u Ka\u0161tel Luk\u0161i\u0107u, a program po\u010dinje sa koncertnim nastupom Domenice u 17 sati.&nbsp; Nakon toga, u\u017eivat \u0107emo u koncertu Sandija Cenova s po\u010detkom u 20.30 sati.&nbsp;<\/p>\n<p>U slu\u010daju nepovoljnih vremenskih uvjeta, obavijestit \u0107emo vas o promjeni programa.&nbsp;<\/p>\n","protected":false},"excerpt":{"rendered":"<p>Predstava &quot;Zima, zima e pa \u0161ta&quot; \u010carobnih animatora koja se trebala odr\u017eati u Novom parku u Ka\u0161tel Luk\u0161i\u0107u, odr\u017eat \u0107e [&hellip;]<\/p>\n","protected":false},"author":7,"featured_media":2680,"comment_status":"closed","ping_status":"open","sticky":false,"template":"","format":"standard","meta":{"_acf_changed":false,"footnotes":""},"categories":[1],"tags":[],"class_list":["post-2679","post","type-post","status-publish","format-standard","has-post-thumbnail","hentry","category-novosti"],"acf":[],"_links":{"self":[{"href":"https:\/\/kastela.hr\/en\/wp-json\/wp\/v2\/posts\/2679","targetHints":{"allow":["GET"]}}],"collection":[{"href":"https:\/\/kastela.hr\/en\/wp-json\/wp\/v2\/posts"}],"about":[{"href":"https:\/\/kastela.hr\/en\/wp-json\/wp\/v2\/types\/post"}],"author":[{"embeddable":true,"href":"https:\/\/kastela.hr\/en\/wp-json\/wp\/v2\/users\/7"}],"replies":[{"embeddable":true,"href":"https:\/\/kastela.hr\/en\/wp-json\/wp\/v2\/comments?post=2679"}],"version-history":[{"count":1,"href":"https:\/\/kastela.hr\/en\/wp-json\/wp\/v2\/posts\/2679\/revisions"}],"predecessor-version":[{"id":4079,"href":"https:\/\/kastela.hr\/en\/wp-json\/wp\/v2\/posts\/2679\/revisions\/4079"}],"wp:featuredmedia":[{"embeddable":true,"href":"https:\/\/kastela.hr\/en\/wp-json\/wp\/v2\/media\/2680"}],"wp:attachment":[{"href":"https:\/\/kastela.hr\/en\/wp-json\/wp\/v2\/media?parent=2679"}],"wp:term":[{"taxonomy":"category","embeddable":true,"href":"https:\/\/kastela.hr\/en\/wp-json\/wp\/v2\/categories?post=2679"},{"taxonomy":"post_tag","embeddable":true,"href":"https:\/\/kastela.hr\/en\/wp-json\/wp\/v2\/tags?post=2679"}],"curies":[{"name":"wp","href":"https:\/\/api.w.org\/{rel}","templated":true}]}}