{"id":2616,"date":"2022-12-18T10:01:00","date_gmt":"2022-12-18T09:01:00","guid":{"rendered":"https:\/\/kastela.hr\/en\/2022\/12\/18\/bozicni-djedomobil-seli-u-vitturi\/"},"modified":"2024-08-29T10:47:37","modified_gmt":"2024-08-29T08:47:37","slug":"bozicni-djedomobil-seli-u-vitturi","status":"publish","type":"post","link":"https:\/\/kastela.hr\/en\/2022\/12\/18\/bozicni-djedomobil-seli-u-vitturi\/","title":{"rendered":"&#8216;Bo\u017ei\u0107ni djedomobil&#8217; seli u Vitturi"},"content":{"rendered":"<p>Dje\u010dja predstava&quot;Bo\u017ei\u0107ni djedomobil&quot; odr\u017eat \u0107e se danas, 18. prosinca u dvorcu Vitturi s po\u010detkom u 17 sati.<\/p>\n","protected":false},"excerpt":{"rendered":"<p>Dje\u010dja predstava&quot;Bo\u017ei\u0107ni djedomobil&quot; odr\u017eat \u0107e se danas, 18. prosinca u dvorcu Vitturi s po\u010detkom u 17 sati.<\/p>\n","protected":false},"author":7,"featured_media":2617,"comment_status":"closed","ping_status":"open","sticky":false,"template":"","format":"standard","meta":{"_acf_changed":false,"footnotes":""},"categories":[1],"tags":[],"class_list":["post-2616","post","type-post","status-publish","format-standard","has-post-thumbnail","hentry","category-novosti"],"acf":[],"_links":{"self":[{"href":"https:\/\/kastela.hr\/en\/wp-json\/wp\/v2\/posts\/2616","targetHints":{"allow":["GET"]}}],"collection":[{"href":"https:\/\/kastela.hr\/en\/wp-json\/wp\/v2\/posts"}],"about":[{"href":"https:\/\/kastela.hr\/en\/wp-json\/wp\/v2\/types\/post"}],"author":[{"embeddable":true,"href":"https:\/\/kastela.hr\/en\/wp-json\/wp\/v2\/users\/7"}],"replies":[{"embeddable":true,"href":"https:\/\/kastela.hr\/en\/wp-json\/wp\/v2\/comments?post=2616"}],"version-history":[{"count":1,"href":"https:\/\/kastela.hr\/en\/wp-json\/wp\/v2\/posts\/2616\/revisions"}],"predecessor-version":[{"id":4069,"href":"https:\/\/kastela.hr\/en\/wp-json\/wp\/v2\/posts\/2616\/revisions\/4069"}],"wp:featuredmedia":[{"embeddable":true,"href":"https:\/\/kastela.hr\/en\/wp-json\/wp\/v2\/media\/2617"}],"wp:attachment":[{"href":"https:\/\/kastela.hr\/en\/wp-json\/wp\/v2\/media?parent=2616"}],"wp:term":[{"taxonomy":"category","embeddable":true,"href":"https:\/\/kastela.hr\/en\/wp-json\/wp\/v2\/categories?post=2616"},{"taxonomy":"post_tag","embeddable":true,"href":"https:\/\/kastela.hr\/en\/wp-json\/wp\/v2\/tags?post=2616"}],"curies":[{"name":"wp","href":"https:\/\/api.w.org\/{rel}","templated":true}]}}