{"id":2613,"date":"2022-12-19T07:15:00","date_gmt":"2022-12-19T06:15:00","guid":{"rendered":"https:\/\/kastela.hr\/en\/2022\/12\/19\/kastela-docekuju-vatrene-uz-grupu-viva-klapu-sv-jeronim-i-nase-mazoretkinje\/"},"modified":"2024-08-29T10:47:37","modified_gmt":"2024-08-29T08:47:37","slug":"kastela-docekuju-vatrene-uz-grupu-viva-klapu-sv-jeronim-i-nase-mazoretkinje","status":"publish","type":"post","link":"https:\/\/kastela.hr\/en\/2022\/12\/19\/kastela-docekuju-vatrene-uz-grupu-viva-klapu-sv-jeronim-i-nase-mazoretkinje\/","title":{"rendered":"Ka\u0161tela do\u010dekuju Vatrene uz grupu Viva, klapu Sv. Jeronim i na\u0161e ma\u017eoretkinje"},"content":{"rendered":"<p>Ka\u0161tela poslijepodne do\u010dekuju Marka Livaju i Maria Pa\u0161ali\u0107a, koji se sa Svjetskog prvenstva u Dohi vra\u0107aju s bron\u010danom medaljom oko 18 sati, a ka\u0161telansko veliko slavlje odr\u017eat \u0107e se na brcu u Ka\u0161tel Kambelovcu.<\/p>\n<p>Hrvatska nogometna reprezentacija osvojila je drugu bron\u010danu medalju na svjetskim prvenstvima pobjedom protiv Maroka 2:1. Prvu broncu osvojili su igra\u010di pod vodstvom \u0106ire Bla\u017eevi\u0107a 1998. u Francuskoj. Nakon poraza od doma\u0107ina u polufinalu, tada su pobijedili Nizozemsku s 2:1 u utakmici za tre\u0107e mjesto. Prije \u010detiri godine Vatreni su pod vodstvom Zlatka Dali\u0107a osvojili srebrnu medalju izgubiv\u0161i u finalu od Francuske.<\/p>\n<p>Nakon \u0161to avionom slete u zra\u010dnu luku na Resniku, dalmatinski Vatreni \u0107e krenuti autobusom prema splitskoj rivi, gdje se organizira njihov do\u010dek, a nakon kojega \u0107e Livi i Pa\u0161a put svojih Ka\u0161tela.<\/p>\n<p>Grad je pozvao navija\u010de, posebno roditelje s malom djecom i starije osobe, da pripaze jedni na druge jer se na brcu o\u010dekuje veliki broj ljudi. Tako\u0111er svi zajedno molimo navija\u010de da pripaze na imovinu ljudi te da se ne penju na spomenik ili na stabla te da ne dovedu sebe i druge u nevolju.<\/p>\n<p>Policija poziva na suzdr\u017eavanje od upotrebe pirotehnike, posebno njenog kori\u0161tenja u masama ljudi.<\/p>\n<p>Program do\u010deka ka\u0161telanskih Vatrenih po\u010dinje u 17 sati, a nastupit \u0107e grupa Viva, klapa Sv. Jeronim i Ka\u0161telanske ma\u017eoretkinje. Na pozornici se kao voditelj o\u010dekuje Vedran O\u010da\u0161i\u0107.<\/p>\n<p>Va\u017eno je napomenuti da \u0107e promet biti blokiran od Dudanovog parka do Vesla\u010dkog kluba od 16 sati, a radi sigurnosti mole se voza\u010di da danas tijekom popodneva svoje automobile ne ostavljaju u okolici kambelovskog brca.&nbsp;<\/p>\n<address>Tekst: Portal grada Ka\u0161tela<\/address>\n","protected":false},"excerpt":{"rendered":"<p>Ka\u0161tela poslijepodne do\u010dekuju Marka Livaju i Maria Pa\u0161ali\u0107a, koji se sa Svjetskog prvenstva u Dohi vra\u0107aju s bron\u010danom medaljom oko [&hellip;]<\/p>\n","protected":false},"author":7,"featured_media":2614,"comment_status":"closed","ping_status":"open","sticky":false,"template":"","format":"standard","meta":{"_acf_changed":false,"footnotes":""},"categories":[1],"tags":[],"class_list":["post-2613","post","type-post","status-publish","format-standard","has-post-thumbnail","hentry","category-novosti"],"acf":[],"_links":{"self":[{"href":"https:\/\/kastela.hr\/en\/wp-json\/wp\/v2\/posts\/2613","targetHints":{"allow":["GET"]}}],"collection":[{"href":"https:\/\/kastela.hr\/en\/wp-json\/wp\/v2\/posts"}],"about":[{"href":"https:\/\/kastela.hr\/en\/wp-json\/wp\/v2\/types\/post"}],"author":[{"embeddable":true,"href":"https:\/\/kastela.hr\/en\/wp-json\/wp\/v2\/users\/7"}],"replies":[{"embeddable":true,"href":"https:\/\/kastela.hr\/en\/wp-json\/wp\/v2\/comments?post=2613"}],"version-history":[{"count":1,"href":"https:\/\/kastela.hr\/en\/wp-json\/wp\/v2\/posts\/2613\/revisions"}],"predecessor-version":[{"id":4068,"href":"https:\/\/kastela.hr\/en\/wp-json\/wp\/v2\/posts\/2613\/revisions\/4068"}],"wp:featuredmedia":[{"embeddable":true,"href":"https:\/\/kastela.hr\/en\/wp-json\/wp\/v2\/media\/2614"}],"wp:attachment":[{"href":"https:\/\/kastela.hr\/en\/wp-json\/wp\/v2\/media?parent=2613"}],"wp:term":[{"taxonomy":"category","embeddable":true,"href":"https:\/\/kastela.hr\/en\/wp-json\/wp\/v2\/categories?post=2613"},{"taxonomy":"post_tag","embeddable":true,"href":"https:\/\/kastela.hr\/en\/wp-json\/wp\/v2\/tags?post=2613"}],"curies":[{"name":"wp","href":"https:\/\/api.w.org\/{rel}","templated":true}]}}