{"id":2605,"date":"2022-12-19T08:11:00","date_gmt":"2022-12-19T07:11:00","guid":{"rendered":"https:\/\/kastela.hr\/en\/2022\/12\/19\/legendarni-zeljko-bebek-odrzao-koncert-u-kastelima\/"},"modified":"2024-08-29T10:47:37","modified_gmt":"2024-08-29T08:47:37","slug":"legendarni-zeljko-bebek-odrzao-koncert-u-kastelima","status":"publish","type":"post","link":"https:\/\/kastela.hr\/en\/2022\/12\/19\/legendarni-zeljko-bebek-odrzao-koncert-u-kastelima\/","title":{"rendered":"Legendarni \u017deljko Bebek odr\u017eao koncert u Ka\u0161telima"},"content":{"rendered":"<p style=\"margin-bottom:11px\"><span style=\"background:white\">Bebek je jedan od onih veterana rock scene koji vam se \u010dine da su oduvijek tu; otkad znate za sebe<\/span>! <span style=\"background:white\">Legendarni pjeva\u010d koji iza sebe ima preko 50 godina karijere, \u017deljko Bebek sa svojim bandom odu\u0161evio je u nedjelju, 19. prosinca, nastupom u Novom parku u Ka\u0161tel Luk\u0161i\u0107u u okviru manifestacije &bdquo;Advent u Ka\u0161telima&ldquo; pod pokroviteljstvom Grada Ka\u0161tela i Turisti\u010dke zajednice grada Ka\u0161tela. <\/span><\/p>\n<p style=\"margin-bottom:11px\"><span style=\"background:white\">U dvosatnom programu nizali su se hitovi iz doba Bijelog dugmeta i solisti\u010dke karijere. &bdquo;Ima neka tajna veza&ldquo;, &bdquo;Oprosti mi \u0161to te volim&ldquo;, &bdquo;Ja po kafanama&ldquo;, &bdquo;Gdje sam bio&ldquo;, &bdquo;Ako voli\u0161 ovu \u017eenu&ldquo;&hellip; gotovo svaku izvedbu publika je do\u010dekala s veseljem, a anga\u017eman nije izostao ni u zajedni\u010dkom izvo\u0111enju refrena koji su odjekivali Luk\u0161i\u0107em.<\/span><\/p>\n<p style=\"margin-bottom:11px\"><span style=\"background:white\">Publika svih generacija pjevala je s Bebekom sve njegove hitove, od Selme, Tijane, do &bdquo;Da je sre\u0107e bilo&ldquo; te mnoge druge poznate pjesme.<\/span><\/p>\n<p style=\"margin-bottom:11px\"><span style=\"background:white\">Slike:<\/span><em><span style=\"background:white\"> Portal grada Ka\u0161tela, Jakov Su\u010di\u0107<\/span><\/em><\/p>\n","protected":false},"excerpt":{"rendered":"<p>Bebek je jedan od onih veterana rock scene koji vam se \u010dine da su oduvijek tu; otkad znate za sebe! [&hellip;]<\/p>\n","protected":false},"author":7,"featured_media":2606,"comment_status":"closed","ping_status":"open","sticky":false,"template":"","format":"standard","meta":{"_acf_changed":false,"footnotes":""},"categories":[1],"tags":[],"class_list":["post-2605","post","type-post","status-publish","format-standard","has-post-thumbnail","hentry","category-novosti"],"acf":[],"_links":{"self":[{"href":"https:\/\/kastela.hr\/en\/wp-json\/wp\/v2\/posts\/2605","targetHints":{"allow":["GET"]}}],"collection":[{"href":"https:\/\/kastela.hr\/en\/wp-json\/wp\/v2\/posts"}],"about":[{"href":"https:\/\/kastela.hr\/en\/wp-json\/wp\/v2\/types\/post"}],"author":[{"embeddable":true,"href":"https:\/\/kastela.hr\/en\/wp-json\/wp\/v2\/users\/7"}],"replies":[{"embeddable":true,"href":"https:\/\/kastela.hr\/en\/wp-json\/wp\/v2\/comments?post=2605"}],"version-history":[{"count":1,"href":"https:\/\/kastela.hr\/en\/wp-json\/wp\/v2\/posts\/2605\/revisions"}],"predecessor-version":[{"id":4067,"href":"https:\/\/kastela.hr\/en\/wp-json\/wp\/v2\/posts\/2605\/revisions\/4067"}],"wp:featuredmedia":[{"embeddable":true,"href":"https:\/\/kastela.hr\/en\/wp-json\/wp\/v2\/media\/2606"}],"wp:attachment":[{"href":"https:\/\/kastela.hr\/en\/wp-json\/wp\/v2\/media?parent=2605"}],"wp:term":[{"taxonomy":"category","embeddable":true,"href":"https:\/\/kastela.hr\/en\/wp-json\/wp\/v2\/categories?post=2605"},{"taxonomy":"post_tag","embeddable":true,"href":"https:\/\/kastela.hr\/en\/wp-json\/wp\/v2\/tags?post=2605"}],"curies":[{"name":"wp","href":"https:\/\/api.w.org\/{rel}","templated":true}]}}