{"id":2530,"date":"2023-01-19T07:29:00","date_gmt":"2023-01-19T06:29:00","guid":{"rendered":"https:\/\/kastela.hr\/en\/2023\/01\/19\/privremena-trasa-prometovanja-autobusnih-linija-br-23738-i-91-zbog-rekonstrukcije-drzavne-ceste-oznake-dc409-u-kastel-stafilicu-dionica-bilinski-put-zracna-luka\/"},"modified":"2024-08-29T10:47:36","modified_gmt":"2024-08-29T08:47:36","slug":"privremena-trasa-prometovanja-autobusnih-linija-br-23738-i-91-zbog-rekonstrukcije-drzavne-ceste-oznake-dc409-u-kastel-stafilicu-dionica-bilinski-put-zracna-luka","status":"publish","type":"post","link":"https:\/\/kastela.hr\/en\/2023\/01\/19\/privremena-trasa-prometovanja-autobusnih-linija-br-23738-i-91-zbog-rekonstrukcije-drzavne-ceste-oznake-dc409-u-kastel-stafilicu-dionica-bilinski-put-zracna-luka\/","title":{"rendered":"Privremena trasa prometovanja autobusnih linija br.2,37,38 i 91 zbog rekonstrukcije dr\u017eavne ceste oznake DC409 u Ka\u0161tel \u0160tafili\u0107u, dionica Bilinski put \u2013 Zra\u010dna luka"},"content":{"rendered":"<p style=\"text-align:justify; text-indent:10.35pt\">Radi izvo\u0111enja radova na kolniku dr\u017eavne ceste DC 409 u Ka\u0161tel \u0160tafili\u0107u, na dionici od Bilinskog puta do Zra\u010dne luke, od ponedjeljka, 23.01.2023.g. do zavr\u0161etka radova do\u0107i \u0107e do izmjene trase prometovanja autobusnih linija br.2, 37, 38 i 91 na sljede\u0107i na\u010din:<\/p>\n<ul>\n<li style=\"text-align:justify\">linija br. 2 iz smjera Splita iz Ulice Ivana Pavla II u Ka\u0161tel \u0160tafili\u0107u (DC8, magistrala) ne prometuje preko nadvo\u017enjaka u Ulicu dr. Franje Tu\u0111mana prema Zra\u010dnoj luci, ve\u0107 nastavlja ravno i preko Ulice kneza Trpimira i rotora Pantan prometuje do Zra\u010dne luke. Iz smjera Zra\u010dne luke prema Splitu prometuje istim prometnicama u obrnutom smjeru.&nbsp;<\/li>\n<\/ul>\n<p style=\"text-align:justify\">&nbsp;<\/p>\n<ul>\n<li style=\"text-align:justify\">linija br. 37 iz smjera Splita iz Ulice dr. Franje Tu\u0111mana u Ka\u0161tel \u0160tafili\u0107u skre\u0107e desno u \u0160kabrnjsku ulicu i preko nadvo\u017enjaka u Ulicu Ivana Pavla II (DC8, magistrala), te Ulicom kneza Trpimira i rotora Pantan prometuje prema Zra\u010dnoj luci gdje se okre\u0107e na rotoru te svojom uobi\u010dajenom trasom prometuje prema Trogiru. Iz smjera Trogira prometuje uobi\u010dajenom trasom do Zra\u010dne luke gdje se okre\u0107e na rotoru, te se ponovno preko rotora Pantan vra\u0107a na Ulicu Ivana Pavla II (DC8, magistrala) prema Splitu, zatim preko \u0160kabrnjske ulice&nbsp; prometuje do Ulice dr. Franje Tu\u0111mana, odakle nastavlja svojom uobi\u010dajenom trasom do Splita.<\/li>\n<\/ul>\n<p style=\"text-align:justify\">&nbsp;<\/p>\n<ul>\n<li style=\"text-align:justify\">linija br.38 iz smjera Splita iz Ulice dr. Franje Tu\u0111mana u Ka\u0161tel \u0160tafili\u0107u skre\u0107e desno u \u0160kabrnjsku ulicu i preko nadvo\u017enjaka u Ulicu Ivana Pavla II (DC8, magistrala) te Ulicom kneza Trpimira i rotora Pantan prometuje do Zra\u010dne luke. Iz smjera Zra\u010dne luke prema Splitu prometuje istim prometnicama u obrnutom smjeru.<\/li>\n<\/ul>\n<p style=\"text-align:justify\">&nbsp;<\/p>\n<ul>\n<li style=\"text-align:justify\">linija br.91 iz smjera Ka\u0161tel Starog iz Ulice dr. Franje Tu\u0111mana u Ka\u0161tel \u0160tafili\u0107u&nbsp; skre\u0107e desno u \u0160kabrnjsku ulicu i preko nadvo\u017enjaka u Ulicu Ivana Pavla II (DC8, magistrala), zatim na Trogirskoj cesti skre\u0107e desno prema Planom i nastavlja svojom uobi\u010dajenom trasom. Iz smjera Divojevi\u0107a prometuje istim prometnicama u obrnutom smjeru.<\/li>\n<\/ul>\n<p style=\"text-align:justify\">Putnici koji koriste autobusna stajali\u0161ta Koludrovac i Resnik, a dolaze iz smjera Splita za izlaz koriste autobusno stajali\u0161te &quot;Ka\u0161tel \u0160tafili\u0107 Nehaj 1&quot; i \u010dekaju polazak kombi vozila sa istoimenog stajali\u0161ta (kojemu je to ujedno i po\u010detno stajali\u0161te), na relaciji Nehaj &ndash; Zra\u010dna luka, a istome \u0107e biti omogu\u0107en prolazak kroz zonu radova.<\/p>\n<p style=\"text-align:justify\">Za putnike koji koriste autobusna stajali\u0161ta Koludrovac i Resnik, a dolaze iz smjera Trogira, za izlaz koriste autobusno stajali\u0161te u Zra\u010dnoj luci i \u010dekaju na polazak kombi vozila na relaciji Zra\u010dna luka &ndash; Nehaj kojemu \u0107e biti omogu\u0107en prolazak kroz zonu radova.<\/p>\n<p style=\"text-align:justify\">Na privremenim trasama prometovanja autobusnih linija korist \u0107e se sva usputna autobusna stajali\u0161ta.<\/p>\n","protected":false},"excerpt":{"rendered":"<p>Radi izvo\u0111enja radova na kolniku dr\u017eavne ceste DC 409 u Ka\u0161tel \u0160tafili\u0107u, na dionici od Bilinskog puta do Zra\u010dne luke, [&hellip;]<\/p>\n","protected":false},"author":7,"featured_media":2531,"comment_status":"closed","ping_status":"open","sticky":false,"template":"","format":"standard","meta":{"_acf_changed":false,"footnotes":""},"categories":[1],"tags":[],"class_list":["post-2530","post","type-post","status-publish","format-standard","has-post-thumbnail","hentry","category-novosti"],"acf":[],"_links":{"self":[{"href":"https:\/\/kastela.hr\/en\/wp-json\/wp\/v2\/posts\/2530","targetHints":{"allow":["GET"]}}],"collection":[{"href":"https:\/\/kastela.hr\/en\/wp-json\/wp\/v2\/posts"}],"about":[{"href":"https:\/\/kastela.hr\/en\/wp-json\/wp\/v2\/types\/post"}],"author":[{"embeddable":true,"href":"https:\/\/kastela.hr\/en\/wp-json\/wp\/v2\/users\/7"}],"replies":[{"embeddable":true,"href":"https:\/\/kastela.hr\/en\/wp-json\/wp\/v2\/comments?post=2530"}],"version-history":[{"count":1,"href":"https:\/\/kastela.hr\/en\/wp-json\/wp\/v2\/posts\/2530\/revisions"}],"predecessor-version":[{"id":4045,"href":"https:\/\/kastela.hr\/en\/wp-json\/wp\/v2\/posts\/2530\/revisions\/4045"}],"wp:featuredmedia":[{"embeddable":true,"href":"https:\/\/kastela.hr\/en\/wp-json\/wp\/v2\/media\/2531"}],"wp:attachment":[{"href":"https:\/\/kastela.hr\/en\/wp-json\/wp\/v2\/media?parent=2530"}],"wp:term":[{"taxonomy":"category","embeddable":true,"href":"https:\/\/kastela.hr\/en\/wp-json\/wp\/v2\/categories?post=2530"},{"taxonomy":"post_tag","embeddable":true,"href":"https:\/\/kastela.hr\/en\/wp-json\/wp\/v2\/tags?post=2530"}],"curies":[{"name":"wp","href":"https:\/\/api.w.org\/{rel}","templated":true}]}}