{"id":2524,"date":"2023-01-23T10:39:00","date_gmt":"2023-01-23T09:39:00","guid":{"rendered":"https:\/\/kastela.hr\/en\/2023\/01\/23\/javni-poziv-za-predlaganje-programa-i-projekata-javnih-potreba-u-kulturi-grada-kastela-za-2023-godinu\/"},"modified":"2024-08-29T10:47:36","modified_gmt":"2024-08-29T08:47:36","slug":"javni-poziv-za-predlaganje-programa-i-projekata-javnih-potreba-u-kulturi-grada-kastela-za-2023-godinu","status":"publish","type":"post","link":"https:\/\/kastela.hr\/en\/2023\/01\/23\/javni-poziv-za-predlaganje-programa-i-projekata-javnih-potreba-u-kulturi-grada-kastela-za-2023-godinu\/","title":{"rendered":"Javni poziv za predlaganje programa i projekata javnih potreba u kulturi Grada Ka\u0161tela za 2023. godinu"},"content":{"rendered":"<p>Javni poziv za podno\u0161enje prijava otvoren je do 29. sije\u010dnja 2023. godine.<\/p>\n","protected":false},"excerpt":{"rendered":"<p>Javni poziv za podno\u0161enje prijava otvoren je do 29. sije\u010dnja 2023. godine.<\/p>\n","protected":false},"author":7,"featured_media":2525,"comment_status":"closed","ping_status":"open","sticky":false,"template":"","format":"standard","meta":{"_acf_changed":false,"footnotes":""},"categories":[1],"tags":[],"class_list":["post-2524","post","type-post","status-publish","format-standard","has-post-thumbnail","hentry","category-novosti"],"acf":[],"_links":{"self":[{"href":"https:\/\/kastela.hr\/en\/wp-json\/wp\/v2\/posts\/2524","targetHints":{"allow":["GET"]}}],"collection":[{"href":"https:\/\/kastela.hr\/en\/wp-json\/wp\/v2\/posts"}],"about":[{"href":"https:\/\/kastela.hr\/en\/wp-json\/wp\/v2\/types\/post"}],"author":[{"embeddable":true,"href":"https:\/\/kastela.hr\/en\/wp-json\/wp\/v2\/users\/7"}],"replies":[{"embeddable":true,"href":"https:\/\/kastela.hr\/en\/wp-json\/wp\/v2\/comments?post=2524"}],"version-history":[{"count":1,"href":"https:\/\/kastela.hr\/en\/wp-json\/wp\/v2\/posts\/2524\/revisions"}],"predecessor-version":[{"id":4043,"href":"https:\/\/kastela.hr\/en\/wp-json\/wp\/v2\/posts\/2524\/revisions\/4043"}],"wp:featuredmedia":[{"embeddable":true,"href":"https:\/\/kastela.hr\/en\/wp-json\/wp\/v2\/media\/2525"}],"wp:attachment":[{"href":"https:\/\/kastela.hr\/en\/wp-json\/wp\/v2\/media?parent=2524"}],"wp:term":[{"taxonomy":"category","embeddable":true,"href":"https:\/\/kastela.hr\/en\/wp-json\/wp\/v2\/categories?post=2524"},{"taxonomy":"post_tag","embeddable":true,"href":"https:\/\/kastela.hr\/en\/wp-json\/wp\/v2\/tags?post=2524"}],"curies":[{"name":"wp","href":"https:\/\/api.w.org\/{rel}","templated":true}]}}