{"id":2515,"date":"2023-01-25T12:18:00","date_gmt":"2023-01-25T11:18:00","guid":{"rendered":"https:\/\/kastela.hr\/en\/2023\/01\/25\/kulturno-vijece-grada-kastela\/"},"modified":"2024-08-29T10:47:36","modified_gmt":"2024-08-29T08:47:36","slug":"kulturno-vijece-grada-kastela","status":"publish","type":"post","link":"https:\/\/kastela.hr\/en\/2023\/01\/25\/kulturno-vijece-grada-kastela\/","title":{"rendered":"Kulturno vije\u0107e Grada Ka\u0161tela"},"content":{"rendered":"<p style=\"text-align:justify; margin-bottom:11px\">U utorak, 24. sije\u010dnja, sazvana je konstituiraju\u0107a sjednica Kulturnog vije\u0107a Grada Ka\u0161tela koje ima pet \u010dlanova, od kojih je jedan predsjednik.<\/p>\n<p style=\"text-align:justify; margin-bottom:11px\">&nbsp;Za \u010dlanove kulturnog vije\u0107a na \u010detiri godine imenuju se umjetnici, stru\u010dnjaci i kulturni djelatnici istaknuti u podru\u010djima umjetnosti i kulture, a Odluku o njihovom imenovanju donio je gradona\u010delnik Denis Ivanovi\u0107.<\/p>\n<p style=\"text-align:justify; margin-bottom:11px\">Imenovani su \u010dlanovi iz sljede\u0107eg podru\u010dja:<\/p>\n<ol>\n<li style=\"margin-left:31px; text-align:justify\">Sre\u0107ko Radan &ndash; &nbsp;predsjednik,<\/li>\n<li style=\"margin-left:31px; text-align:justify\">Frane Smoljo &#8211;&nbsp; za \u010dlana,<\/li>\n<li style=\"margin-left:31px; text-align:justify\">Antonija \u017degarac &#8211; za \u010dlana,<\/li>\n<li style=\"margin-left:31px; text-align:justify\">Jelena Vrdoljak &ndash; za \u010dlana,<\/li>\n<li style=\"margin-left:31px; text-align:justify; margin-bottom:11px\">Ivana Beretin Mornar &ndash; za \u010dlana.<\/li>\n<\/ol>\n<p style=\"text-align:justify; margin-bottom:11px\">Sre\u0107ko Radan je dugogodi\u0161nji \u010dlan i predsjednik Udruge sv. Jeronim koji se isti\u010de svojim sudjelovanjem kroz razne kulturne aktivnosti u samoj udruzi i izvan nje.&nbsp; Nekada\u0161nji \u010dlan klape Ka\u0161tilac, danas je jedan od \u010dlanova klape sv. Jeronim. Ujedno je i jedan od organizatora kulturnih manifestacija u sklopu ka\u0161telanskog kulturnog ljeta, pripoma\u017ee na organizaciji festivala Dalmatinske pisme u Ka\u0161telima te je jedan od pokreta\u010da festivala komorne glazbe &bdquo;Glazbene ve\u010deri kod sv. Jeronima&ldquo;. \u010clan je udruge Klaster Zora koja je organizator Kreativnog prolje\u0107a. Sre\u0107ko je imenovan predsjednikom Kulturnog vije\u0107a za podru\u010dje glazbena i glazbeno-scenska umjetnost.<\/p>\n<p style=\"text-align:justify; margin-bottom:11px\">Frane Smoljo je novinarski suradnik Portala grada Ka\u0161tela koji redovito izvje\u0161tava sa niza kulturnih doga\u0111anja u gradu i stalni je zaposlenik Hrvatskog narodnog kazali\u0161ta Splita kao inspicijent u drami, gdje je kroz desetak godina iskustva sudjelovao u pedesetak produkcija, od kojih su neke nagra\u0111ivane na doma\u0107im i me\u0111unarodnim kazali\u0161tima. Iza sebe ima i iskustvo voditelja dramske sekcije kroz koje je aktivno sudjelovao u kulturnim doga\u0111anjima u gradu te je kao \u010dlan Kulturnog vije\u0107a zadu\u017een za dramsku i glazbeno-scensku umjetnost.<\/p>\n<p style=\"text-align:justify; margin-bottom:11px\">Antonija \u017degarac je tajnica KUD-a Putalj koja je svojim radom, trudom i iskustvom ostvarila i me\u0111unarodne suradnje. Osim \u0161to je aktivna plesa\u010dica KUD-a, sudjeluje i u pisanju projekata koji su pozitivno ocijenjeni od Ministarstva kulture i medija Republike Hrvatske. Sudjeluje u organiziranju kulturnih doga\u0111anja: Uskrsnog koncerta i ljetnog folklornog koncerta &bdquo;Mise\u010dina prosula se kalon&ldquo;. Antonija je kao \u010dlanica Kulturnog vije\u0107a zadu\u017eena za kulturno-umjetni\u010dki amaterizam i me\u0111unarodnu suradnju.<\/p>\n<p style=\"text-align:justify; margin-bottom:11px\">Jelena Vrdoljak je kao \u010dlanica kulturnog vije\u0107a zadu\u017eena za folkloristiku, a iskustvo i znanje je stekla kroz 15 godina anga\u017emana plesnog ansambla KUD-a &bdquo;7 Ka\u0161tela&ldquo; gdje je bila i \u010dlanica Nadzornog odbora te pomo\u0107nica voditelja u vo\u0111enju prvog i dje\u010djeg ansambla. Sudjelovala je na brojnim dr\u017eavnim i me\u0111unarodnim smotrama folklora.<\/p>\n<p style=\"text-align:justify; margin-bottom:11px\">Ivana Beretin Mornar volontiraju\u0107i u raznim ka\u0161telanskim udrugama i inicijativama te kroz \u010dlanstvo u raznim glazbenim sastavima odavno sudjeluje u kulturnom \u017eivotu grada. Magistrica glazbene kulture Umjetni\u010dke akademije Sveu\u010dili\u0161ta u Splitu aktivno svira \u010detiri glazbena instrumenta (orgulje, glasovir, gitara i horna), a vrijedi istaknuti da ima iskustvo vo\u0111enja vi\u0161e \u0161kolskih zborova, zatim &bdquo;Glazbarske \u0161kole&ldquo; i dje\u010djeg zbora Bezgre\u0161nog za\u010de\u0107a BDM Ka\u0161tel \u0160tafili\u0107. Dobitnica je bron\u010dane (2022.) plakete Hrvatskog sabora kulture &ndash; krovne organizacije&nbsp; kulturno-umjetni\u010dkog amaterizma u Republici Hrvatskoj,&nbsp; a zadu\u017eena je za podru\u010dje glazba &ndash; glazbena dru\u0161tva.<\/p>\n","protected":false},"excerpt":{"rendered":"<p>U utorak, 24. sije\u010dnja, sazvana je konstituiraju\u0107a sjednica Kulturnog vije\u0107a Grada Ka\u0161tela koje ima pet \u010dlanova, od kojih je jedan [&hellip;]<\/p>\n","protected":false},"author":7,"featured_media":2516,"comment_status":"closed","ping_status":"open","sticky":false,"template":"","format":"standard","meta":{"_acf_changed":false,"footnotes":""},"categories":[1],"tags":[],"class_list":["post-2515","post","type-post","status-publish","format-standard","has-post-thumbnail","hentry","category-novosti"],"acf":[],"_links":{"self":[{"href":"https:\/\/kastela.hr\/en\/wp-json\/wp\/v2\/posts\/2515","targetHints":{"allow":["GET"]}}],"collection":[{"href":"https:\/\/kastela.hr\/en\/wp-json\/wp\/v2\/posts"}],"about":[{"href":"https:\/\/kastela.hr\/en\/wp-json\/wp\/v2\/types\/post"}],"author":[{"embeddable":true,"href":"https:\/\/kastela.hr\/en\/wp-json\/wp\/v2\/users\/7"}],"replies":[{"embeddable":true,"href":"https:\/\/kastela.hr\/en\/wp-json\/wp\/v2\/comments?post=2515"}],"version-history":[{"count":1,"href":"https:\/\/kastela.hr\/en\/wp-json\/wp\/v2\/posts\/2515\/revisions"}],"predecessor-version":[{"id":4040,"href":"https:\/\/kastela.hr\/en\/wp-json\/wp\/v2\/posts\/2515\/revisions\/4040"}],"wp:featuredmedia":[{"embeddable":true,"href":"https:\/\/kastela.hr\/en\/wp-json\/wp\/v2\/media\/2516"}],"wp:attachment":[{"href":"https:\/\/kastela.hr\/en\/wp-json\/wp\/v2\/media?parent=2515"}],"wp:term":[{"taxonomy":"category","embeddable":true,"href":"https:\/\/kastela.hr\/en\/wp-json\/wp\/v2\/categories?post=2515"},{"taxonomy":"post_tag","embeddable":true,"href":"https:\/\/kastela.hr\/en\/wp-json\/wp\/v2\/tags?post=2515"}],"curies":[{"name":"wp","href":"https:\/\/api.w.org\/{rel}","templated":true}]}}