{"id":2503,"date":"2023-01-26T08:24:00","date_gmt":"2023-01-26T07:24:00","guid":{"rendered":"https:\/\/kastela.hr\/en\/2023\/01\/26\/potpisani-ugovori-za-stipendije-vrijedni-vise-od-160-tisuca-eura\/"},"modified":"2024-08-29T10:47:36","modified_gmt":"2024-08-29T08:47:36","slug":"potpisani-ugovori-za-stipendije-vrijedni-vise-od-160-tisuca-eura","status":"publish","type":"post","link":"https:\/\/kastela.hr\/en\/2023\/01\/26\/potpisani-ugovori-za-stipendije-vrijedni-vise-od-160-tisuca-eura\/","title":{"rendered":"Potpisani ugovori za stipendije vrijedni vi\u0161e od 160 tisu\u0107a eura"},"content":{"rendered":"<p>Od odobrenih 148 stipendija, ukupno 138&nbsp;u\u010denika i studenata potpisali su ugovore o stipendiranju s Gradom Ka\u0161tela, koji je i ove godine proveo natje\u010daj za stipendiranje uspje\u0161nih studenata i u\u010denika te onih koji uz uspjeh ostvaruju pravo i na stipendije prema socijalnom statusu.<\/p>\n<p>Za \u0161kolsku\/akademsku godinu 2022.\/2023. pravo na stipendije Grada Ka\u0161tela ostvarilo je 30 u\u010denika prema uspjehu i 25&nbsp;u\u010denika prema socijalnom statusu, a 74 stipendije dodijeljeno je studentima prema uspjehu dok ih je 9 studenata dobilo prema socijalnom statusu.<\/p>\n<p>U\u010deni\u010dke stipendije iznose&nbsp; ne\u0161to vi\u0161e od 66 eura mjese\u010dno, a studentske ne\u0161to manje od 133 eura mjese\u010dno za 10 mjeseci u godini \u0161to je ukupno ne\u0161to vi\u0161e od 160 &nbsp;tisu\u0107a eura prora\u010dunskih sredstava.<\/p>\n<p>&#8211; \u010cestitam u\u010denicima i studentima na zaslu\u017eeno dobivenim stipendijama. Izuzetno mi je drago \u0161to vam ove godine, nakon zabrana uzrokovanih pandemijom, ugovore mo\u017eemo uru\u010diti osobno. Mi kao Grad smo jako ponosni na vas i va\u0161e znanje. Svjesni smo \u010dinjenice da su se pove\u0107ali tro\u0161kovi u\u010denja i studiranja te smo u pregovorima o pove\u0107anju u\u010deni\u010dkih i studentskih stipendija &ndash; kazala je zamjenica gradona\u010delnika Jadranka Matok-Bosan\u010di\u0107.<\/p>\n<p>Pro\u010delnica Upravnog odjela za dru\u0161tvene djelatnosti i zajedni\u010dke poslove Antonia Kljai\u0107 pridru\u017eila se \u010destitkama i dodala kako se broj stipendija ove godine pove\u0107ao u odnosu na pro\u0161lu godinu te im po\u017eeljela puno uspjeha u daljnjem u\u010denju i studiranju.<\/p>\n<p>Studentima i u\u010denicima zaostale stipendije od 1. rujna, bit \u0107e ispla\u0107ene kroz mjesec velja\u010du, a stipendije \u0107e primati zaklju\u010dno sa zavr\u0161etkom akademske i \u0161kolske godine, do 30. lipnja.<\/p>\n","protected":false},"excerpt":{"rendered":"<p>Od odobrenih 148 stipendija, ukupno 138&nbsp;u\u010denika i studenata potpisali su ugovore o stipendiranju s Gradom Ka\u0161tela, koji je i ove [&hellip;]<\/p>\n","protected":false},"author":7,"featured_media":2504,"comment_status":"closed","ping_status":"open","sticky":false,"template":"","format":"standard","meta":{"_acf_changed":false,"footnotes":""},"categories":[1],"tags":[],"class_list":["post-2503","post","type-post","status-publish","format-standard","has-post-thumbnail","hentry","category-novosti"],"acf":[],"_links":{"self":[{"href":"https:\/\/kastela.hr\/en\/wp-json\/wp\/v2\/posts\/2503","targetHints":{"allow":["GET"]}}],"collection":[{"href":"https:\/\/kastela.hr\/en\/wp-json\/wp\/v2\/posts"}],"about":[{"href":"https:\/\/kastela.hr\/en\/wp-json\/wp\/v2\/types\/post"}],"author":[{"embeddable":true,"href":"https:\/\/kastela.hr\/en\/wp-json\/wp\/v2\/users\/7"}],"replies":[{"embeddable":true,"href":"https:\/\/kastela.hr\/en\/wp-json\/wp\/v2\/comments?post=2503"}],"version-history":[{"count":1,"href":"https:\/\/kastela.hr\/en\/wp-json\/wp\/v2\/posts\/2503\/revisions"}],"predecessor-version":[{"id":4039,"href":"https:\/\/kastela.hr\/en\/wp-json\/wp\/v2\/posts\/2503\/revisions\/4039"}],"wp:featuredmedia":[{"embeddable":true,"href":"https:\/\/kastela.hr\/en\/wp-json\/wp\/v2\/media\/2504"}],"wp:attachment":[{"href":"https:\/\/kastela.hr\/en\/wp-json\/wp\/v2\/media?parent=2503"}],"wp:term":[{"taxonomy":"category","embeddable":true,"href":"https:\/\/kastela.hr\/en\/wp-json\/wp\/v2\/categories?post=2503"},{"taxonomy":"post_tag","embeddable":true,"href":"https:\/\/kastela.hr\/en\/wp-json\/wp\/v2\/tags?post=2503"}],"curies":[{"name":"wp","href":"https:\/\/api.w.org\/{rel}","templated":true}]}}