{"id":2500,"date":"2023-01-27T06:55:00","date_gmt":"2023-01-27T05:55:00","guid":{"rendered":"https:\/\/kastela.hr\/en\/2023\/01\/27\/prezentacija-mjera-aktivne-politike-zaposljavanja-za-2023-godinu-u-organizaciji-hzz-a\/"},"modified":"2024-08-29T10:47:36","modified_gmt":"2024-08-29T08:47:36","slug":"prezentacija-mjera-aktivne-politike-zaposljavanja-za-2023-godinu-u-organizaciji-hzz-a","status":"publish","type":"post","link":"https:\/\/kastela.hr\/en\/2023\/01\/27\/prezentacija-mjera-aktivne-politike-zaposljavanja-za-2023-godinu-u-organizaciji-hzz-a\/","title":{"rendered":"Prezentacija &#8216;Mjera aktivne politike zapo\u0161ljavanja za 2023. godinu&#8217; u organizaciji HZZ-a"},"content":{"rendered":"<p style=\"margin-bottom:11px\">Hrvatski zavod za zapo\u0161ljavanje (HZZ), Podru\u010dna slu\u017eba Split vas poziva na besplatno sudjelovanje na prezentiranju Mjera aktivne politike zapo\u0161ljavanja za 2023. godinu.<\/p>\n<p style=\"margin-bottom:11px\">Prezentacija \u0107e se odr\u017eati u \u010detvrtak, 2. velja\u010de 2023. godine s po\u010detkom u 10 sati u &nbsp;Gradskoj vije\u0107nici Grada Ka\u0161tela u Ka\u0161tel Su\u0107urcu na adresi Ulica bra\u0107e Radi\u0107 1.<\/p>\n<p style=\"margin-bottom:11px\">Svi sudionici imat \u0107e priliku saznati vi\u0161e o mjerama aktivne politike&nbsp; zapo\u0161ljavanja za ovu godinu, te promjenama u odnosu na prethodna razdoblja.<\/p>\n<p style=\"margin-bottom:11px\">Svi ste dobro do\u0161li, do\u0111ite i provjerite koja vam mjera najvi\u0161e odgovara!<\/p>\n","protected":false},"excerpt":{"rendered":"<p>Hrvatski zavod za zapo\u0161ljavanje (HZZ), Podru\u010dna slu\u017eba Split vas poziva na besplatno sudjelovanje na prezentiranju Mjera aktivne politike zapo\u0161ljavanja za [&hellip;]<\/p>\n","protected":false},"author":7,"featured_media":2501,"comment_status":"closed","ping_status":"open","sticky":false,"template":"","format":"standard","meta":{"_acf_changed":false,"footnotes":""},"categories":[1],"tags":[],"class_list":["post-2500","post","type-post","status-publish","format-standard","has-post-thumbnail","hentry","category-novosti"],"acf":[],"_links":{"self":[{"href":"https:\/\/kastela.hr\/en\/wp-json\/wp\/v2\/posts\/2500","targetHints":{"allow":["GET"]}}],"collection":[{"href":"https:\/\/kastela.hr\/en\/wp-json\/wp\/v2\/posts"}],"about":[{"href":"https:\/\/kastela.hr\/en\/wp-json\/wp\/v2\/types\/post"}],"author":[{"embeddable":true,"href":"https:\/\/kastela.hr\/en\/wp-json\/wp\/v2\/users\/7"}],"replies":[{"embeddable":true,"href":"https:\/\/kastela.hr\/en\/wp-json\/wp\/v2\/comments?post=2500"}],"version-history":[{"count":1,"href":"https:\/\/kastela.hr\/en\/wp-json\/wp\/v2\/posts\/2500\/revisions"}],"predecessor-version":[{"id":4038,"href":"https:\/\/kastela.hr\/en\/wp-json\/wp\/v2\/posts\/2500\/revisions\/4038"}],"wp:featuredmedia":[{"embeddable":true,"href":"https:\/\/kastela.hr\/en\/wp-json\/wp\/v2\/media\/2501"}],"wp:attachment":[{"href":"https:\/\/kastela.hr\/en\/wp-json\/wp\/v2\/media?parent=2500"}],"wp:term":[{"taxonomy":"category","embeddable":true,"href":"https:\/\/kastela.hr\/en\/wp-json\/wp\/v2\/categories?post=2500"},{"taxonomy":"post_tag","embeddable":true,"href":"https:\/\/kastela.hr\/en\/wp-json\/wp\/v2\/tags?post=2500"}],"curies":[{"name":"wp","href":"https:\/\/api.w.org\/{rel}","templated":true}]}}