{"id":2497,"date":"2023-01-27T07:08:00","date_gmt":"2023-01-27T06:08:00","guid":{"rendered":"https:\/\/kastela.hr\/en\/2023\/01\/27\/18-noc-muzeja-pod-nazivom-muzeji-su-vazni\/"},"modified":"2024-08-29T10:47:36","modified_gmt":"2024-08-29T08:47:36","slug":"18-noc-muzeja-pod-nazivom-muzeji-su-vazni","status":"publish","type":"post","link":"https:\/\/kastela.hr\/en\/2023\/01\/27\/18-noc-muzeja-pod-nazivom-muzeji-su-vazni\/","title":{"rendered":"18. No\u0107 muzeja pod nazivom &#8216;Muzeji su va\u017eni!&#8217;"},"content":{"rendered":"<p style=\"text-align:justify\">Muzej grada Ka\u0161tela u ovogodi\u0161njoj, 18. po redu No\u0107i muzeja u Hrvatskoj s temom &bdquo;Muzeji su va\u017eni&ldquo;&nbsp; predstaviti \u0107e publici u prostoru ka\u0161tela Vitturi izlo\u017ebu &bdquo;Metabolizam&ldquo; Alme \u010ca\u010de. Posjetitelji \u0107e mo\u0107i&nbsp; razgledati i izlo\u017ebu &bdquo;Potopljeni Sikuli&ldquo; popra\u0107enu stru\u010dnim vodstvom te putem VR nao\u010dala po\u0107i u virtualnu \u0161etnju arheolo\u0161kim lokalitetom Sikuli.<\/p>\n<p style=\"text-align:justify\">U stalnom postavu odr\u017eati \u0107e se prezentacija radionice tkanja u sklopu predstavljanja projekta &bdquo;Dubrova\u010dki \u0161udar \/ dumanjski ubru\u010di\u010d&ldquo;.<\/p>\n<p style=\"text-align:justify\">U Ka\u0161tel Starom u prostoru obnovljene Ville Nike mo\u0107i \u0107e se uz stru\u010dno vodstvo razgledati izlo\u017eba &bdquo;Villa Nika 1902. &ndash; 2022.&ldquo;.<\/p>\n<p style=\"text-align:justify\"><b>Ka\u0161tel Vitturi, Lu\u0161i\u0161ko Brce 5 &ndash; Ka\u0161tel Luk\u0161i\u0107<\/b><\/p>\n<p style=\"text-align:justify\">18.00 &ndash; 22.00&nbsp;<\/p>\n<p style=\"text-align:justify\"><b>Prezentacija projekta &bdquo;Dubrova\u010dki \u0161udar \/ dumanjski ubru\u010di\u010d&ldquo; <\/b>\/ Muzej grada Ka\u0161tela, ka\u0161tel Vitturi II. kat<\/p>\n<p style=\"text-align:justify\"><b><i>predstavljanje<\/i><\/b><\/p>\n<p style=\"margin-bottom:11px; text-align:justify\">Prezentacija i o\u017eivljavanje ru\u010dnog tkanja kao i aktivnog sudjelovanja muzejske struke u &bdquo;poticanju poduzetni\u0161tva u kulturnim i kreativnim industrijama&ldquo;. Uklju\u010divanje vi\u0161e muzeja koji bi u kona\u010dnici imali puno pravo intelektualnog vlasni\u0161tva nad idejom izrade hrvatskog ba\u0161tinskog suvenira <i>dumanjskih ubru\u010di\u0107a<\/i> ili <i>dubrova\u010dkih \u0161udara<\/i>.<\/p>\n<p style=\"text-align:justify\">18.00 &ndash; 00.00<\/p>\n<p style=\"text-align:justify\"><b>&bdquo;Potopljeni Sikuli&ldquo;<\/b> &ndash; stru\u010dno vodstvo u 19.00 i 22.00 \/ Muzej grada Ka\u0161tela, ka\u0161tel Vitturi II. kat<\/p>\n<p style=\"margin-bottom:13px; text-align:justify\"><span style=\"background-image:initial\"><span style=\"background-position:initial\"><span style=\"background-size:initial\"><span style=\"background-repeat:initial\"><span style=\"background-origin:initial\"><span style=\"background-clip:initial\"><b><i>izlo\u017eba<\/i><\/b><\/span><\/span><\/span><\/span><\/span><\/span><\/p>\n<p style=\"margin-bottom:13px; text-align:justify\"><span style=\"background-image:initial\"><span style=\"background-position:initial\"><span style=\"background-size:initial\"><span style=\"background-repeat:initial\"><span style=\"background-origin:initial\"><span style=\"background-clip:initial\">Izlo\u017eba &bdquo;Potopljeni Sikuli&ldquo; postavljena je u okviru EU projekta UnerwaterMuse, a prikazuje rezultate istra\u017eivanja podvodnog dijela arheolo\u0161kog nalazi\u0161ta Sikuli. Brojni nalazi svjedo\u010de o intenzivnom \u017eivotu na podru\u010dju Resnika od neolitika, kada je ovdje postojalo naselje otvorenog tipa. Tijekom anti\u010dkog doba ovdje se nalazilo naselje Sikuli, kojemu se ime spominje i u povijesnih izvorima.<\/span><\/span><\/span><\/span><\/span><\/span><\/p>\n<p style=\"text-align:justify\">18.00 &ndash; 00.00<\/p>\n<p style=\"text-align:justify\"><b>Virtualna \u0161etnja po Sikulima<\/b> \/ Muzej grada Ka\u0161tela, ka\u0161tel Vitturi II. kat<\/p>\n<p style=\"text-align:justify\"><b><i>projekcija &ndash; posebni program<\/i><\/b><\/p>\n<p style=\"margin-bottom:13px; text-align:justify\"><span style=\"background-image:initial\"><span style=\"background-position:initial\"><span style=\"background-size:initial\"><span style=\"background-repeat:initial\"><span style=\"background-origin:initial\"><span style=\"background-clip:initial\">Zahvaljuju\u0107i projektu UnderwaterMuse u okviru stalnog postava Muzeja dostupna je virtualna \u0161etnja po Sikulima. Preko VR nao\u010dala posjetitelji mogu razgledati hipotetske rekonstrukcije tri faze egzistiranja nalazi\u0161ta, od neoliti\u010dkog naselja na otvorenom, utvr\u0111enog naselja iz 2. i 1. st. pr. Krista do rimskodobnog pristani\u0161ta. Osim preko VR nao\u010dala virtualnu \u0161etnju mogu\u0107e je razgledati i preko totema<\/span><\/span><\/span><\/span><\/span><\/span><\/p>\n<p style=\"text-align:justify\">20.00 &ndash; 00.00 &nbsp;<\/p>\n<p style=\"text-align:justify\">&nbsp;&bdquo;<b>Metabolizam&rdquo;<\/b> &ndash; otvorenje izlo\u017ebe Alme \u010ca\u010de u 20.00 \/ Muzej grada Ka\u0161tela, ka\u0161tel Vitturi I. kat<\/p>\n<p style=\"text-align:justify\"><b><i>izlo\u017eba<\/i><\/b><\/p>\n<p style=\"margin-bottom:13px; text-align:justify\"><span style=\"background-image:initial\"><span style=\"background-position:initial\"><span style=\"background-size:initial\"><span style=\"background-repeat:initial\"><span style=\"background-origin:initial\"><span style=\"background-clip:initial\">Izlo\u017eba Alme \u010ca\u010de&nbsp;<b>&bdquo;<\/b><i>Metabolizam<\/i><b>&ldquo;<\/b>&nbsp;upu\u0107uje na vrijednosti prirodnih ambijenata i povezanosti &nbsp;\u010dovjeka i njegova prirodnog okru\u017eenja. Njezina fascinacija golemim okomitim vapnena\u010dkim hridima vi\u0161kog zavi\u010daja prome\u0107e se u filozofska promi\u0161ljanja o \u010dovjekovoj nutarnjoj&nbsp;dinamici ali i o \u010dvrstoj ukorijenjenosti,&nbsp;preobra\u017eavaju\u0107i&nbsp;se u vizualni do\u017eivljaj i znak.&nbsp;&nbsp;<\/span><\/span><\/span><\/span><\/span><\/span><\/p>\n<p style=\"text-align:justify\">18.00 &#8211; 00.00<\/p>\n<p style=\"text-align:justify\"><b>&bdquo;Villa Nika 1902 &ndash; 2022&ldquo;<\/b> &ndash; stru\u010dno vodstvo u 21.00 \/ Villa Nika, Kamberovo \u0161etali\u0161te 30 &ndash; Ka\u0161tel Stari<\/p>\n<p style=\"text-align:justify\"><b><i>izlo\u017eba<\/i><\/b><\/p>\n<p style=\"text-align:justify\">Izlo\u017eba je postavljena povodom obilje\u017eavanjem 120. godi\u0161njice izgradnje Ville Nike te preseljenjem Turisti\u010dke zajednice Grada Ka\u0161tela iz ka\u0161tela Vitturi u obnovljeni objekt koji je za\u0161ti\u0107en kao kulturno dobro Republike Hrvatske. Cilj postavljanja izlo\u017ebe je predstaviti Izlo\u017ebu o njenom vlasniku i vizionaru Petru Kamberu.<\/p>\n","protected":false},"excerpt":{"rendered":"<p>Muzej grada Ka\u0161tela u ovogodi\u0161njoj, 18. po redu No\u0107i muzeja u Hrvatskoj s temom &bdquo;Muzeji su va\u017eni&ldquo;&nbsp; predstaviti \u0107e publici [&hellip;]<\/p>\n","protected":false},"author":7,"featured_media":2498,"comment_status":"closed","ping_status":"open","sticky":false,"template":"","format":"standard","meta":{"_acf_changed":false,"footnotes":""},"categories":[1],"tags":[],"class_list":["post-2497","post","type-post","status-publish","format-standard","has-post-thumbnail","hentry","category-novosti"],"acf":[],"_links":{"self":[{"href":"https:\/\/kastela.hr\/en\/wp-json\/wp\/v2\/posts\/2497","targetHints":{"allow":["GET"]}}],"collection":[{"href":"https:\/\/kastela.hr\/en\/wp-json\/wp\/v2\/posts"}],"about":[{"href":"https:\/\/kastela.hr\/en\/wp-json\/wp\/v2\/types\/post"}],"author":[{"embeddable":true,"href":"https:\/\/kastela.hr\/en\/wp-json\/wp\/v2\/users\/7"}],"replies":[{"embeddable":true,"href":"https:\/\/kastela.hr\/en\/wp-json\/wp\/v2\/comments?post=2497"}],"version-history":[{"count":1,"href":"https:\/\/kastela.hr\/en\/wp-json\/wp\/v2\/posts\/2497\/revisions"}],"predecessor-version":[{"id":4037,"href":"https:\/\/kastela.hr\/en\/wp-json\/wp\/v2\/posts\/2497\/revisions\/4037"}],"wp:featuredmedia":[{"embeddable":true,"href":"https:\/\/kastela.hr\/en\/wp-json\/wp\/v2\/media\/2498"}],"wp:attachment":[{"href":"https:\/\/kastela.hr\/en\/wp-json\/wp\/v2\/media?parent=2497"}],"wp:term":[{"taxonomy":"category","embeddable":true,"href":"https:\/\/kastela.hr\/en\/wp-json\/wp\/v2\/categories?post=2497"},{"taxonomy":"post_tag","embeddable":true,"href":"https:\/\/kastela.hr\/en\/wp-json\/wp\/v2\/tags?post=2497"}],"curies":[{"name":"wp","href":"https:\/\/api.w.org\/{rel}","templated":true}]}}