{"id":2491,"date":"2023-02-01T07:18:00","date_gmt":"2023-02-01T06:18:00","guid":{"rendered":"https:\/\/kastela.hr\/en\/2023\/02\/01\/sazvana-12-sjednica-gradskog-vijeca\/"},"modified":"2024-11-28T09:10:04","modified_gmt":"2024-11-28T08:10:04","slug":"sazvana-12-sjednica-gradskog-vijeca","status":"publish","type":"post","link":"https:\/\/kastela.hr\/en\/2023\/02\/01\/sazvana-12-sjednica-gradskog-vijeca\/","title":{"rendered":"Sazvana 12. sjednica Gradskog vije\u0107a"},"content":{"rendered":"<p>Predsjednik Gradskog vije\u0107a Ivan Udovi\u010di\u0107 sazvao je 12. sjednicu Gradskog vije\u0107a Grada Ka\u0161tela za dan 8. velja\u010de (srijeda) 2023. g. u 11 sati u Gradskoj vije\u0107nici.&nbsp;<\/p>\n<p>Dnevni red se sastoji od devet to\u010daka:<\/p>\n<p>1. Usvajanje Zapisnika s 11. sjednice Gradskog vije\u0107a<\/p>\n<p class=\"LO-Normal\" style=\"text-align:justify\">2. Vije\u0107ni\u010dka pitanja i prijedlozi<\/p>\n<p class=\"LO-Normal\" style=\"text-align:justify\">3. Informacija o tijeku projekta Aglomeracija Ka\u0161tela &#8211; Trogir<\/p>\n<p class=\"LO-Normal\">&nbsp;&nbsp;&nbsp;&nbsp;&nbsp; &#8211; Izvjestitelj: predstavnik Vodovoda i kanalizacije d.o.o. Split<\/p>\n<p class=\"LO-Normal\">4. Prijedlog&nbsp; Odluke o&nbsp; davanju pozitivnog mi\u0161ljenja na nacrt Komunikacijske strategije i komunikacijskog akcijskog plana Strategije razvoja Urbane aglomeracije Split za financijsko razdoblje 2021. &ndash; 2027.<\/p>\n<p style=\"text-align:justify\">5. &nbsp;Prijedlog Rje\u0161enja o imenovanju \u010dlanova Savjeta za za\u0161titu potro\u0161a\u010da javnih usluga Grada Ka\u0161tela &nbsp;&nbsp;<\/p>\n<p class=\"MsoNoSpacing\">&nbsp;&nbsp; &nbsp;&#8211; Izvjestiteljica t.4 i t. 5.: Marija Vu\u010dica, pro\u010delnica Upravnog odjela za gospodarski razvoj i fondove &nbsp;Europske unije<\/p>\n<p class=\"MsoNoSpacing\">6. a) Prijedlog odluke o imenovanju ravnatelja Muzeja grada Ka\u0161tela<\/p>\n<p style=\"text-align:justify\">&nbsp;&nbsp;&nbsp; b) Prijedlog odluke o razrje\u0161enju ravnatelja Muzeja grada Ka\u0161tela<\/p>\n<p class=\"MsoNoSpacing\">&nbsp;&nbsp;&nbsp;&nbsp;&nbsp; &#8211; Izvjestiteljica: Antonia Kljai\u0107, pro\u010delnica Upravnog odjela za dru\u0161tvene djelatnosti i zajedni\u010dke&nbsp;poslove<\/p>\n<p class=\"MsoNoSpacing\">7.&nbsp;&nbsp; Prijedlozi odluka o dodjeli javnih priznanja Grada Ka\u0161tela za 2022. godinu<\/p>\n<p class=\"LO-Normal\">&nbsp;&nbsp;&nbsp;&nbsp;&nbsp;&nbsp;&nbsp; a) Komisije za javna priznanja<\/p>\n<p class=\"LO-Normal\">&nbsp;&nbsp;&nbsp;&nbsp;&nbsp;&nbsp;&nbsp; b) Gradona\u010delnika Grada Ka\u0161tela<\/p>\n<p class=\"LO-Normal\">8.&nbsp;&nbsp; Prijedlog odluke o visini nov\u010dane nagrade dobitnicima javnih priznanja&nbsp; za 2022. g.<\/p>\n<p class=\"LO-Normal\">9. &nbsp;Prijedlog odluke o visini nov\u010dane nagrade dobitnicima Nagrade Grada Ka\u0161tela za humanost<\/p>\n<p class=\"LO-Normal\">&nbsp;&nbsp;&nbsp;&nbsp;&nbsp; &#8211; Izvjestiteljice t.7. &ndash; t.9.: Antonija Topi\u0107, predsjednica Komisije za javna priznanja i Ivana Modri\u0107, pro\u010delnica Upravnog odjela za poslove Gradona\u010delnika i stru\u010dne poslove<\/p>\n<p>&nbsp;<\/p>\n","protected":false},"excerpt":{"rendered":"<p>Predsjednik Gradskog vije\u0107a Ivan Udovi\u010di\u0107 sazvao je 12. sjednicu Gradskog vije\u0107a Grada Ka\u0161tela za dan 8. velja\u010de (srijeda) 2023. g. [&hellip;]<\/p>\n","protected":false},"author":7,"featured_media":2492,"comment_status":"closed","ping_status":"open","sticky":false,"template":"","format":"standard","meta":{"_acf_changed":false,"footnotes":""},"categories":[1],"tags":[],"class_list":["post-2491","post","type-post","status-publish","format-standard","has-post-thumbnail","hentry","category-novosti"],"acf":[],"_links":{"self":[{"href":"https:\/\/kastela.hr\/en\/wp-json\/wp\/v2\/posts\/2491","targetHints":{"allow":["GET"]}}],"collection":[{"href":"https:\/\/kastela.hr\/en\/wp-json\/wp\/v2\/posts"}],"about":[{"href":"https:\/\/kastela.hr\/en\/wp-json\/wp\/v2\/types\/post"}],"author":[{"embeddable":true,"href":"https:\/\/kastela.hr\/en\/wp-json\/wp\/v2\/users\/7"}],"replies":[{"embeddable":true,"href":"https:\/\/kastela.hr\/en\/wp-json\/wp\/v2\/comments?post=2491"}],"version-history":[{"count":2,"href":"https:\/\/kastela.hr\/en\/wp-json\/wp\/v2\/posts\/2491\/revisions"}],"predecessor-version":[{"id":13781,"href":"https:\/\/kastela.hr\/en\/wp-json\/wp\/v2\/posts\/2491\/revisions\/13781"}],"wp:featuredmedia":[{"embeddable":true,"href":"https:\/\/kastela.hr\/en\/wp-json\/wp\/v2\/media\/2492"}],"wp:attachment":[{"href":"https:\/\/kastela.hr\/en\/wp-json\/wp\/v2\/media?parent=2491"}],"wp:term":[{"taxonomy":"category","embeddable":true,"href":"https:\/\/kastela.hr\/en\/wp-json\/wp\/v2\/categories?post=2491"},{"taxonomy":"post_tag","embeddable":true,"href":"https:\/\/kastela.hr\/en\/wp-json\/wp\/v2\/tags?post=2491"}],"curies":[{"name":"wp","href":"https:\/\/api.w.org\/{rel}","templated":true}]}}