{"id":2487,"date":"2023-02-06T11:45:00","date_gmt":"2023-02-06T10:45:00","guid":{"rendered":"https:\/\/kastela.hr\/en\/2023\/02\/06\/obavijest-gradanima\/"},"modified":"2024-08-29T10:47:36","modified_gmt":"2024-08-29T08:47:36","slug":"obavijest-gradanima","status":"publish","type":"post","link":"https:\/\/kastela.hr\/en\/2023\/02\/06\/obavijest-gradanima\/","title":{"rendered":"Obavijest gra\u0111anima"},"content":{"rendered":"<p>Radi odr\u017eavanja 42. Di\u010djeg krnjevala 12. velja\u010de (nedjelja) od 11 do 17 sati, na parkingu u Ka\u0161tel Starom, Obala kralja Tomislava (ex. Plavi Jadran) biti \u0107e onemogu\u0107eno parkiranje vozila za gra\u0111ane &#8211; obavijestili su iz KKU &quot;Poklade&quot;.<\/p>\n","protected":false},"excerpt":{"rendered":"<p>Radi odr\u017eavanja 42. Di\u010djeg krnjevala 12. velja\u010de (nedjelja) od 11 do 17 sati, na parkingu u Ka\u0161tel Starom, Obala kralja [&hellip;]<\/p>\n","protected":false},"author":7,"featured_media":2488,"comment_status":"closed","ping_status":"open","sticky":false,"template":"","format":"standard","meta":{"_acf_changed":false,"footnotes":""},"categories":[1],"tags":[],"class_list":["post-2487","post","type-post","status-publish","format-standard","has-post-thumbnail","hentry","category-novosti"],"acf":[],"_links":{"self":[{"href":"https:\/\/kastela.hr\/en\/wp-json\/wp\/v2\/posts\/2487","targetHints":{"allow":["GET"]}}],"collection":[{"href":"https:\/\/kastela.hr\/en\/wp-json\/wp\/v2\/posts"}],"about":[{"href":"https:\/\/kastela.hr\/en\/wp-json\/wp\/v2\/types\/post"}],"author":[{"embeddable":true,"href":"https:\/\/kastela.hr\/en\/wp-json\/wp\/v2\/users\/7"}],"replies":[{"embeddable":true,"href":"https:\/\/kastela.hr\/en\/wp-json\/wp\/v2\/comments?post=2487"}],"version-history":[{"count":1,"href":"https:\/\/kastela.hr\/en\/wp-json\/wp\/v2\/posts\/2487\/revisions"}],"predecessor-version":[{"id":4034,"href":"https:\/\/kastela.hr\/en\/wp-json\/wp\/v2\/posts\/2487\/revisions\/4034"}],"wp:featuredmedia":[{"embeddable":true,"href":"https:\/\/kastela.hr\/en\/wp-json\/wp\/v2\/media\/2488"}],"wp:attachment":[{"href":"https:\/\/kastela.hr\/en\/wp-json\/wp\/v2\/media?parent=2487"}],"wp:term":[{"taxonomy":"category","embeddable":true,"href":"https:\/\/kastela.hr\/en\/wp-json\/wp\/v2\/categories?post=2487"},{"taxonomy":"post_tag","embeddable":true,"href":"https:\/\/kastela.hr\/en\/wp-json\/wp\/v2\/tags?post=2487"}],"curies":[{"name":"wp","href":"https:\/\/api.w.org\/{rel}","templated":true}]}}