{"id":2473,"date":"2023-02-07T05:40:00","date_gmt":"2023-02-07T04:40:00","guid":{"rendered":"https:\/\/kastela.hr\/en\/2023\/02\/07\/privodi-se-kraju-izgradnja-reciklaznog-dvorista-i-novog-kulturnog-centra\/"},"modified":"2024-08-29T10:47:36","modified_gmt":"2024-08-29T08:47:36","slug":"privodi-se-kraju-izgradnja-reciklaznog-dvorista-i-novog-kulturnog-centra","status":"publish","type":"post","link":"https:\/\/kastela.hr\/en\/2023\/02\/07\/privodi-se-kraju-izgradnja-reciklaznog-dvorista-i-novog-kulturnog-centra\/","title":{"rendered":"Privodi se kraju izgradnja recikla\u017enog dvori\u0161ta i novog Kulturnog centra"},"content":{"rendered":"<p>Da su Ka\u0161tela trenutno najve\u0107e gradili\u0161te u Splitsko dalmatinskoj \u017eupaniji svjedo\u010de brojne investicije, a osim Aglomeracije u sklopu koje se izvode radovi na vodno kanalizacijskoj infrastrukturi, gradona\u010delnik Denis Ivanovi\u0107 ju\u010der je obi\u0161ao gradili\u0161ta na izgradnji tre\u0107eg recikla\u017enog dvori\u0161ta u Ka\u0161tel Su\u0107urcu kao i gradili\u0161te u Ka\u0161tel Luk\u0161i\u0107u gdje se gradi novi Kulturni centar. Investicije te\u0161ke oko 20 milijuna kuna napreduju zacrtanim planom, recikla\u017eno dvori\u0161te u zavr\u0161noj je fazi izgradnje a novi Kulturni centar bit \u0107e gotov do srpnja ove godine.<\/p>\n<p><span style=\"background-image:initial\"><span style=\"background-position:initial\"><span style=\"background-size:initial\"><span style=\"background-repeat:initial\"><span style=\"background-origin:initial\"><span style=\"background-clip:initial\">-Da su Ka\u0161tela po pitanju zbrinjavanja otpada, stopi odvojenog prikupljanja koja trenutno iznosi oko 22 posto, ali i izgradnji komunalnih objekata za odlaganje sme\u0107a me\u0111u vode\u0107im, ako ne i najuspje\u0161niji grad u Splitsko dalmatinskoj \u017eupaniji, svjedo\u010de i ovi radovi na izgradnji tre\u0107eg recikla\u017enog dvori\u0161ta i to na podru\u010dju isto\u010dnog djela grada, to\u010dnije Ka\u0161tel Su\u0107urca.<\/span><\/span><\/span><\/span><\/span><\/span><\/p>\n<p><span style=\"background-image:initial\"><span style=\"background-position:initial\"><span style=\"background-size:initial\"><span style=\"background-repeat:initial\"><span style=\"background-origin:initial\"><span style=\"background-clip:initial\">Uz ve\u0107 prije tri godine otvoreno recikla\u017eno dvori\u0161te u Rudinama te recikla\u017eno dvori\u0161te gra\u0111evinskog otpada u su\u0107ura\u010dkoj kavi, Ka\u0161telani \u0107e uskoro vi\u0161e od 20 vrsta otpada &nbsp;mo\u0107i odlagati i u Su\u0107urcu, \u0161to \u0107e im smanjiti tro\u0161kove prijevoza i u\u0161tedjeti vrijeme. Kao \u0161to vidite radovi su u\u0161li u zavr\u0161nu fazu i vjerujem kako \u0107e ova oko 5 milijuna kuna vrijedna investicija zavr\u0161iti u narednih mjesec dana nakon \u010dega \u0107e se objekt na upravljanje dodijeliti gradskom komunalnom poduze\u0107u Zeleno i modro-izjavio je prilikom obilaska gradili\u0161ta pote\u0161tat Ivanovi\u0107.<\/span><\/span><\/span><\/span><\/span><\/span><\/p>\n<p><span style=\"background-image:initial\"><span style=\"background-position:initial\"><span style=\"background-size:initial\"><span style=\"background-repeat:initial\"><span style=\"background-origin:initial\"><span style=\"background-clip:initial\">Grad Ka\u0161tela za ovaj projekt izdvojio je 5 milijuna kuna vlastitih sredstava. Na ovaj na\u010din gra\u0111anima Su\u0107urca, Gomilice i Kambelovca olak\u0161at \u0107emo odlaganje brojnih vrsta otpada jer ga vi\u0161e ne\u0107e trebati voziti do Rudina.<\/span><\/span><\/span><\/span><\/span><\/span><\/p>\n<p><span style=\"background-image:initial\"><span style=\"background-position:initial\"><span style=\"background-size:initial\"><span style=\"background-repeat:initial\"><span style=\"background-origin:initial\"><span style=\"background-clip:initial\">-Zemlji\u0161te od oko 2000 kvadrata u najam smo uzeli kod tvrtke Cemex i mjese\u010dni najam njegova kori\u0161tenja biti \u0107e 2800 kuna. Na podru\u010dju Ka\u0161tela otkako smo osnovali vlastito poduze\u0107e na svakom se koraku primje\u0107uje kako su javne povr\u0161ine znatno urednije i \u010di\u0161\u0107e, a svi zajedno moramo te\u017eiti ka tome da budemo jo\u0161 \u010di\u0161\u0107i-kazao je ovom prigodom gradona\u010delnik Ivanovi\u0107.<\/span><\/span><\/span><\/span><\/span><\/span><\/p>\n<p><span style=\"background-image:initial\"><span style=\"background-position:initial\"><span style=\"background-size:initial\"><span style=\"background-repeat:initial\"><span style=\"background-origin:initial\"><span style=\"background-clip:initial\">Ka\u017eimo kako je lokacija budu\u0107eg recikla\u017enog dvori\u0161ta u Ka\u0161tel Su\u0107urcu lako dostupna za gra\u0111ane jer se nalazi uz samu staru ka\u0161telansku cestu kod CEMEX-ove tvornice Sv. Juraj, to\u010dnije njihove upravne zgrade.<\/span><\/span><\/span><\/span><\/span><\/span><\/p>\n<p style=\"margin-bottom:10px\"><span style=\"background-image:initial\"><span style=\"background-position:initial\"><span style=\"background-size:initial\"><span style=\"background-repeat:initial\"><span style=\"background-origin:initial\"><span style=\"background-clip:initial\">A da ka\u0161telanski kulturnjaci imaju razloga za zadovoljstvo svjedo\u010de i radovi na kompletnoj obnovi i potpunim opremanjem budu\u0107eg Kulturnog centra u Ka\u0161tel Luk\u0161i\u0107u (ex-Pastoralni centar), a cijeli projekt, kako je danas kazao gradona\u010delnik, te\u017eak je vi\u0161e od 12 milijuna kuna.<\/span><\/span><\/span><\/span><\/span><\/span><\/p>\n<p style=\"margin-bottom:10px\"><span style=\"background-image:initial\"><span style=\"background-position:initial\"><span style=\"background-size:initial\"><span style=\"background-repeat:initial\"><span style=\"background-origin:initial\"><span style=\"background-clip:initial\">-Zadovoljan sam radovima koji su do sada izvedeni i vjerujem kako \u0107emo tijekom ljeta imati novi, takozvani kulturno- multimedijalni centar koji \u0107e dobiti potpuno novo ruho. Svima koji se u Ka\u0161telima bave kulturom poznato je da se ovakav projekt ve\u0107 trebao realizirati jer u Ka\u0161telima djeluje veliki broj udruga koje se bave kulturom i koje rade sjajan posao. Kako bi im u potpunosti omogu\u0107ili \u0161to bolje uvjete u svom budu\u0107em radu odlu\u010dili smo se pokrenuti ovu pri\u010du oko novog Kulturnog centra a ovim putem mogu najaviti kako \u0107e po zavr\u0161etku ove investicije u kompletnu obnovu i\u0107i i kino sv. Juraj u Ka\u0161tel Su\u0107urcu. Rije\u010d je o objektima javne namjene, namijenjenoj obavljanju poslova u podru\u010dju dru\u0161tvenih djelatnosti, a povr\u0161ina budu\u0107eg Kulturnog centra iznosi ne\u0161to manje od 1000 kvadrata i sastoji se od prizemlja i kata-kazao je prilikom obilaska radova gradona\u010delnik Ivanovi\u0107.<\/span><\/span><\/span><\/span><\/span><\/span><\/p>\n<p style=\"margin-bottom:10px\"><span style=\"background-image:initial\"><span style=\"background-position:initial\"><span style=\"background-size:initial\"><span style=\"background-repeat:initial\"><span style=\"background-origin:initial\"><span style=\"background-clip:initial\">Ina\u010de, projektom je predvi\u0111ena sanacija i ure\u0111enje prostorija unutar postoje\u0107e gra\u0111evine za potrebe organiziranja kulturnih manifestacija koje uklju\u010duju odr\u017eavanje kazali\u0161nih predstava, koncerata, radionica, prikazivanje filmova i raznih dru\u0161tvenih doga\u0111anja, te ujedno i ure\u0111enje prostorija za rad lokalnih udruga. Glavnim projektom je predvi\u0111ena nova organizacija prostora i prilago\u0111avanje prostora novim potrebama korisnika.<\/span><\/span><\/span><\/span><\/span><\/span><\/p>\n<p style=\"margin-bottom:10px\"><span style=\"background-image:initial\"><span style=\"background-position:initial\"><span style=\"background-size:initial\"><span style=\"background-repeat:initial\"><span style=\"background-origin:initial\"><span style=\"background-clip:initial\">Na radost brojnih kulturnjaka, Kulturni centar, kako je kazao Ivanovi\u0107, trebao bi tako postati sredi\u0161te kulturnih doga\u0111anja u Ka\u0161telima \u010diji cilj \u0107e biti predstavljanje i promicanje, kako amaterskih , tako i profesionalnih aktivnosti kojih u Ka\u0161telima ne nedostaje.<\/span><\/span><\/span><\/span><\/span><\/span><\/p>\n","protected":false},"excerpt":{"rendered":"<p>Da su Ka\u0161tela trenutno najve\u0107e gradili\u0161te u Splitsko dalmatinskoj \u017eupaniji svjedo\u010de brojne investicije, a osim Aglomeracije u sklopu koje se [&hellip;]<\/p>\n","protected":false},"author":7,"featured_media":2474,"comment_status":"closed","ping_status":"open","sticky":false,"template":"","format":"standard","meta":{"_acf_changed":false,"footnotes":""},"categories":[1],"tags":[],"class_list":["post-2473","post","type-post","status-publish","format-standard","has-post-thumbnail","hentry","category-novosti"],"acf":[],"_links":{"self":[{"href":"https:\/\/kastela.hr\/en\/wp-json\/wp\/v2\/posts\/2473","targetHints":{"allow":["GET"]}}],"collection":[{"href":"https:\/\/kastela.hr\/en\/wp-json\/wp\/v2\/posts"}],"about":[{"href":"https:\/\/kastela.hr\/en\/wp-json\/wp\/v2\/types\/post"}],"author":[{"embeddable":true,"href":"https:\/\/kastela.hr\/en\/wp-json\/wp\/v2\/users\/7"}],"replies":[{"embeddable":true,"href":"https:\/\/kastela.hr\/en\/wp-json\/wp\/v2\/comments?post=2473"}],"version-history":[{"count":1,"href":"https:\/\/kastela.hr\/en\/wp-json\/wp\/v2\/posts\/2473\/revisions"}],"predecessor-version":[{"id":4033,"href":"https:\/\/kastela.hr\/en\/wp-json\/wp\/v2\/posts\/2473\/revisions\/4033"}],"wp:featuredmedia":[{"embeddable":true,"href":"https:\/\/kastela.hr\/en\/wp-json\/wp\/v2\/media\/2474"}],"wp:attachment":[{"href":"https:\/\/kastela.hr\/en\/wp-json\/wp\/v2\/media?parent=2473"}],"wp:term":[{"taxonomy":"category","embeddable":true,"href":"https:\/\/kastela.hr\/en\/wp-json\/wp\/v2\/categories?post=2473"},{"taxonomy":"post_tag","embeddable":true,"href":"https:\/\/kastela.hr\/en\/wp-json\/wp\/v2\/tags?post=2473"}],"curies":[{"name":"wp","href":"https:\/\/api.w.org\/{rel}","templated":true}]}}