{"id":2451,"date":"2023-02-09T07:15:00","date_gmt":"2023-02-09T06:15:00","guid":{"rendered":"https:\/\/kastela.hr\/en\/2023\/02\/09\/odrzana-12-sjednica-gradskog-vijeca\/"},"modified":"2024-08-29T10:47:36","modified_gmt":"2024-08-29T08:47:36","slug":"odrzana-12-sjednica-gradskog-vijeca","status":"publish","type":"post","link":"https:\/\/kastela.hr\/en\/2023\/02\/09\/odrzana-12-sjednica-gradskog-vijeca\/","title":{"rendered":"Odr\u017eana 12. sjednica Gradskog vije\u0107a"},"content":{"rendered":"<p style=\"text-align:justify; margin-bottom:11px\">Dana 8. velja\u010de, u Gradskoj vije\u0107nici, odr\u017eana je&nbsp; 12. sjednica Gradskog vije\u0107a sadr\u017eana od devet to\u010daka dnevnog reda.<\/p>\n<p style=\"text-align:justify; margin-bottom:11px\">Predstavnici Vodovoda i kanalizacije prisustvovali su sjednici Gradskog vije\u0107a kao \u0161to je bilo obe\u0107ano od strane Grada, saslu\u0161ali su pitanja vije\u0107nika te na iste odgovarali, a dio odgovora \u0107e vije\u0107nici dobiti i pisanim putem. Tijekom aktualnog sata vije\u0107nici su postavljali pitanja, a zatim su uslijedile preostale to\u010dke dnevnog reda.<\/p>\n<p style=\"text-align:justify; margin-bottom:11px\">Grad Ka\u0161tela ima obalni pojas oko 18 km i nema utvr\u0111ene granice pomorskog dobra &ndash; tvrdi vije\u0107nik \u017deljan Jurlin te dodao kako nije mogu\u0107e provesti savjetovanje sa zainteresiranom javno\u0161\u0107u u postupku upravljanja pomorskim dobrom na podru\u010dju grada Ka\u0161tela za 2023. godinu koje je provedeno jer iste nisu utvr\u0111ene.<\/p>\n<p style=\"text-align:justify; margin-bottom:11px\">&#8211; \u0160to se ti\u010de granica pomorskog dobra, odr\u017ean je sastanak u Splitsko-dalmatinskoj \u017eupaniji sa do\u017eupanom Stipom \u010cogeljom, pro\u010delnicom Upravnog odjela za turizam i &nbsp;pomorstvo Mateom Dor\u010di\u0107 zajedno sa predstavnicima Grada te su me izvijestili kako je dio granica utvr\u0111en otprije, dio prijedloga granica je u Ministarstvu na odobrenju, a jedan dio je na samom Povjerenstvu u \u017dupaniji. Na ovo pitanje i pitanje koncesija, izvijestit \u0107u vas pisanim putem &ndash; kazao je Ivanovi\u0107.<\/p>\n<p style=\"text-align:justify; margin-bottom:11px\">Naime, Plan upravljanja pomorskim dobrom Grad ne donosi proizvoljno ve\u0107 po primjeru Splitsko-dalmatinske \u017eupanije koja na posljetku, isti mora i odobriti.<\/p>\n<p style=\"text-align:justify; margin-bottom:11px\">Vije\u0107nik Mario Banovac se dotakao pomo\u0107i socijalno ugro\u017eenim gra\u0111anima te dao prijedlog da Grad napravi registar socijalnih korisnika te preuzme na sebe pomo\u0107 ugro\u017eenima. Me\u0111utim, kako je kazao Ivanovi\u0107, registar postoji i u nadle\u017enosti je Centra za socijalnu skrb s kojim Grad Ka\u0161tela jako dobro sura\u0111uje. Grad tako\u0111er svim korisnicima minimalne zajam\u010dene naknade, na njihov zahtjev, daje i jednokratnu nov\u010danu pomo\u0107 te sudjeluje u humanitarnim akcijama koje organiziraju razne ka\u0161telanske udruge.<\/p>\n<p style=\"text-align:justify; margin-bottom:11px\">Kulturnog dijela, to\u010dnije obnove ka\u0161telanskih kula Cambi, Nehaj i \u0106ipiko, dotakao se vije\u0107nik Mario Serajli\u0107. Raspisan je natje\u010daj u Ministarstvu turizma na koji se Grad prijavio te u slu\u010daju pozitivnog ishoda, sredstvima \u0107e se obnoviti kula Cambi i uljara do nje. Kula Nehaj \u0107e se uzeti u Plan za sanaciju, a \u0161to se ti\u010de kule \u0106ipiko vodi se sudski spor izme\u0111u investitora i dr\u017eave.<\/p>\n<p style=\"text-align:justify; margin-bottom:11px\">U\u010denici osnovne \u0161kole prof. Filipa Lukasa bi trebali sljede\u0107u \u0161kolsku godinu, na jesen 2023., do\u010dekati u svojim klupama. Izvo\u0111a\u010d radova je izabran i nedostatci bi trebali biti sanirani na vrijeme.<\/p>\n<p style=\"text-align:justify; margin-bottom:11px\">Dosada\u0161nji ravnatelj Muzeja grada Ka\u0161tela, gospodin Ivan \u0160uta, ponovno je imenovan na istu funkciju, a usvojeni su i prijedlozi odluke o visini nov\u010dane nagrade dobitnicima javnih priznanja za 2022. g. i dobitnicima nagrade Grada Ka\u0161tela za humanost.<\/p>\n<p style=\"text-align:justify; margin-bottom:11px\">Usvojen je Prijedlog odluke o davanju pozitivnog mi\u0161ljenja na nacrt Komunikacijske strategije i Komunikacijskog akcijskog plana Strategije razvoja Urbane aglomeracije Split za financijsko razdoblje 2021.-2027, kao i Prijedlog Rje\u0161enja o imenovanju \u010dlanova Savjeta za za\u0161titu potro\u0161a\u010da javnih usluga Grada Ka\u0161tela.<\/p>\n","protected":false},"excerpt":{"rendered":"<p>Dana 8. velja\u010de, u Gradskoj vije\u0107nici, odr\u017eana je&nbsp; 12. sjednica Gradskog vije\u0107a sadr\u017eana od devet to\u010daka dnevnog reda. Predstavnici Vodovoda [&hellip;]<\/p>\n","protected":false},"author":7,"featured_media":2452,"comment_status":"closed","ping_status":"open","sticky":false,"template":"","format":"standard","meta":{"_acf_changed":false,"footnotes":""},"categories":[1],"tags":[],"class_list":["post-2451","post","type-post","status-publish","format-standard","has-post-thumbnail","hentry","category-novosti"],"acf":[],"_links":{"self":[{"href":"https:\/\/kastela.hr\/en\/wp-json\/wp\/v2\/posts\/2451","targetHints":{"allow":["GET"]}}],"collection":[{"href":"https:\/\/kastela.hr\/en\/wp-json\/wp\/v2\/posts"}],"about":[{"href":"https:\/\/kastela.hr\/en\/wp-json\/wp\/v2\/types\/post"}],"author":[{"embeddable":true,"href":"https:\/\/kastela.hr\/en\/wp-json\/wp\/v2\/users\/7"}],"replies":[{"embeddable":true,"href":"https:\/\/kastela.hr\/en\/wp-json\/wp\/v2\/comments?post=2451"}],"version-history":[{"count":1,"href":"https:\/\/kastela.hr\/en\/wp-json\/wp\/v2\/posts\/2451\/revisions"}],"predecessor-version":[{"id":4029,"href":"https:\/\/kastela.hr\/en\/wp-json\/wp\/v2\/posts\/2451\/revisions\/4029"}],"wp:featuredmedia":[{"embeddable":true,"href":"https:\/\/kastela.hr\/en\/wp-json\/wp\/v2\/media\/2452"}],"wp:attachment":[{"href":"https:\/\/kastela.hr\/en\/wp-json\/wp\/v2\/media?parent=2451"}],"wp:term":[{"taxonomy":"category","embeddable":true,"href":"https:\/\/kastela.hr\/en\/wp-json\/wp\/v2\/categories?post=2451"},{"taxonomy":"post_tag","embeddable":true,"href":"https:\/\/kastela.hr\/en\/wp-json\/wp\/v2\/tags?post=2451"}],"curies":[{"name":"wp","href":"https:\/\/api.w.org\/{rel}","templated":true}]}}