{"id":2442,"date":"2023-02-13T11:16:00","date_gmt":"2023-02-13T10:16:00","guid":{"rendered":"https:\/\/kastela.hr\/en\/2023\/02\/13\/knjizevno-glazbena-vecer-s-hanom-konsa\/"},"modified":"2024-08-29T10:47:36","modified_gmt":"2024-08-29T08:47:36","slug":"knjizevno-glazbena-vecer-s-hanom-konsa","status":"publish","type":"post","link":"https:\/\/kastela.hr\/en\/2023\/02\/13\/knjizevno-glazbena-vecer-s-hanom-konsa\/","title":{"rendered":"Knji\u017eevno-glazbena ve\u010der s Hanom Konsa"},"content":{"rendered":"<p style=\"margin-bottom:11px\">GKK povodom Valentinova organizira u utorak 14. velja\u010de u 18.30 sati u Nadbiskupovom ka\u0161telu u Ka\u0161tel Su\u0107urcu knji\u017eevno-glazbenu ve\u010der sa spisateljicom i novinarkom Hanom Konsa.&nbsp;<\/p>\n<p style=\"margin-bottom:11px\">U okviru predstavljanja Hanine zbirke pripovijedaka &bdquo;Obi\u010dna \u017eena&ldquo; ovom prilikom \u0107e svi zainteresirani mo\u0107i doznati sve o njenim novinarskim po\u010detcima, knji\u017eevnim uzorima, temama o kojima progovara u svom knji\u017eevnom radu te \u0161to misli o ljubavi nekad i danas.<\/p>\n<p style=\"margin-bottom:11px\">Nedo Kova\u010dev i Miroslav Mi\u0161e upotpunit \u0107e ovu valentinovsku ve\u010der izvedbom nezaboravnih&nbsp;ljubavnih&nbsp;pjesama mediteranskog ugo\u0111aja, dok \u0107e tijekom ve\u010deri i Hana Konsa pro\u010ditati njoj najdra\u017ee ljubavne stihove hrvatskih i svjetskih pjesnika. S autoricom \u0107e razgovarati Renata Dobri\u0107.<\/p>\n","protected":false},"excerpt":{"rendered":"<p>GKK povodom Valentinova organizira u utorak 14. velja\u010de u 18.30 sati u Nadbiskupovom ka\u0161telu u Ka\u0161tel Su\u0107urcu knji\u017eevno-glazbenu ve\u010der sa [&hellip;]<\/p>\n","protected":false},"author":7,"featured_media":2443,"comment_status":"closed","ping_status":"open","sticky":false,"template":"","format":"standard","meta":{"_acf_changed":false,"footnotes":""},"categories":[1],"tags":[],"class_list":["post-2442","post","type-post","status-publish","format-standard","has-post-thumbnail","hentry","category-novosti"],"acf":[],"_links":{"self":[{"href":"https:\/\/kastela.hr\/en\/wp-json\/wp\/v2\/posts\/2442","targetHints":{"allow":["GET"]}}],"collection":[{"href":"https:\/\/kastela.hr\/en\/wp-json\/wp\/v2\/posts"}],"about":[{"href":"https:\/\/kastela.hr\/en\/wp-json\/wp\/v2\/types\/post"}],"author":[{"embeddable":true,"href":"https:\/\/kastela.hr\/en\/wp-json\/wp\/v2\/users\/7"}],"replies":[{"embeddable":true,"href":"https:\/\/kastela.hr\/en\/wp-json\/wp\/v2\/comments?post=2442"}],"version-history":[{"count":1,"href":"https:\/\/kastela.hr\/en\/wp-json\/wp\/v2\/posts\/2442\/revisions"}],"predecessor-version":[{"id":4026,"href":"https:\/\/kastela.hr\/en\/wp-json\/wp\/v2\/posts\/2442\/revisions\/4026"}],"wp:featuredmedia":[{"embeddable":true,"href":"https:\/\/kastela.hr\/en\/wp-json\/wp\/v2\/media\/2443"}],"wp:attachment":[{"href":"https:\/\/kastela.hr\/en\/wp-json\/wp\/v2\/media?parent=2442"}],"wp:term":[{"taxonomy":"category","embeddable":true,"href":"https:\/\/kastela.hr\/en\/wp-json\/wp\/v2\/categories?post=2442"},{"taxonomy":"post_tag","embeddable":true,"href":"https:\/\/kastela.hr\/en\/wp-json\/wp\/v2\/tags?post=2442"}],"curies":[{"name":"wp","href":"https:\/\/api.w.org\/{rel}","templated":true}]}}