{"id":2439,"date":"2023-02-13T12:03:00","date_gmt":"2023-02-13T11:03:00","guid":{"rendered":"https:\/\/kastela.hr\/en\/2023\/02\/13\/medunarodni-dan-darivanja-knjiga-gkk-organizira-akciju-darivanja-knjiga-i-slikovnica\/"},"modified":"2024-08-29T10:47:36","modified_gmt":"2024-08-29T08:47:36","slug":"medunarodni-dan-darivanja-knjiga-gkk-organizira-akciju-darivanja-knjiga-i-slikovnica","status":"publish","type":"post","link":"https:\/\/kastela.hr\/en\/2023\/02\/13\/medunarodni-dan-darivanja-knjiga-gkk-organizira-akciju-darivanja-knjiga-i-slikovnica\/","title":{"rendered":"Me\u0111unarodni dan darivanja knjiga: GKK organizira akciju darivanja knjiga i slikovnica"},"content":{"rendered":"<p style=\"margin-bottom:24px\">Gradska knji\u017enica Ka\u0161tela povodom Me\u0111unarodnog dana darivanja knjiga koji se obilje\u017eava 14. velja\u010de, organizira akciju prikupljanja slikovnica i knjiga za djecu. Akcija se provodi u okviru nacionalne kampanje&nbsp;<em style=\"box-sizing:border-box\">\u010citaj mi<\/em>&nbsp;pod sloganom &bdquo;\u010citam, dam, sretan sam &ndash; svoju knjigu daruj i tu\u0111e srce obraduj&ldquo;.<\/p>\n<p style=\"margin-bottom:24px\"><span style=\"box-sizing:border-box\">Cilj ove akcije je poticanje djece na \u010ditanje i darivanje knjiga i slikovnica koje vi\u0161e ne koriste onoj djeci koja nisu u mogu\u0107nosti imati vlastite slikovnice. Daruju\u0107i svoju knjigu ili slikovnicu drugom djetetu, uz obja\u0161njenje za\u0161to to radi i koliko \u0107e to drugom djetetu zna\u010diti, djeca u\u010de koliko je lijepo i va\u017eno pomagati.<\/span><\/p>\n<p style=\"margin-bottom:24px\"><span style=\"box-sizing:border-box\">Nove ili kori\u0161tene o\u010duvane slikovnice i knjige mo\u017eete donijeti u sve odjele Gradske knji\u017enice Ka\u0161tela do kraja velja\u010de u radnom vremenu. Knjige \u0107e biti proslije\u0111ene djeci kojoj su slikovnice potrebne, odnosno udrugama i ustanovama u kojima se okupljaju djeca.<\/span><\/p>\n","protected":false},"excerpt":{"rendered":"<p>Gradska knji\u017enica Ka\u0161tela povodom Me\u0111unarodnog dana darivanja knjiga koji se obilje\u017eava 14. velja\u010de, organizira akciju prikupljanja slikovnica i knjiga za [&hellip;]<\/p>\n","protected":false},"author":7,"featured_media":2440,"comment_status":"closed","ping_status":"open","sticky":false,"template":"","format":"standard","meta":{"_acf_changed":false,"footnotes":""},"categories":[1],"tags":[],"class_list":["post-2439","post","type-post","status-publish","format-standard","has-post-thumbnail","hentry","category-novosti"],"acf":[],"_links":{"self":[{"href":"https:\/\/kastela.hr\/en\/wp-json\/wp\/v2\/posts\/2439","targetHints":{"allow":["GET"]}}],"collection":[{"href":"https:\/\/kastela.hr\/en\/wp-json\/wp\/v2\/posts"}],"about":[{"href":"https:\/\/kastela.hr\/en\/wp-json\/wp\/v2\/types\/post"}],"author":[{"embeddable":true,"href":"https:\/\/kastela.hr\/en\/wp-json\/wp\/v2\/users\/7"}],"replies":[{"embeddable":true,"href":"https:\/\/kastela.hr\/en\/wp-json\/wp\/v2\/comments?post=2439"}],"version-history":[{"count":1,"href":"https:\/\/kastela.hr\/en\/wp-json\/wp\/v2\/posts\/2439\/revisions"}],"predecessor-version":[{"id":4025,"href":"https:\/\/kastela.hr\/en\/wp-json\/wp\/v2\/posts\/2439\/revisions\/4025"}],"wp:featuredmedia":[{"embeddable":true,"href":"https:\/\/kastela.hr\/en\/wp-json\/wp\/v2\/media\/2440"}],"wp:attachment":[{"href":"https:\/\/kastela.hr\/en\/wp-json\/wp\/v2\/media?parent=2439"}],"wp:term":[{"taxonomy":"category","embeddable":true,"href":"https:\/\/kastela.hr\/en\/wp-json\/wp\/v2\/categories?post=2439"},{"taxonomy":"post_tag","embeddable":true,"href":"https:\/\/kastela.hr\/en\/wp-json\/wp\/v2\/tags?post=2439"}],"curies":[{"name":"wp","href":"https:\/\/api.w.org\/{rel}","templated":true}]}}