{"id":2421,"date":"2023-02-24T07:13:00","date_gmt":"2023-02-24T06:13:00","guid":{"rendered":"https:\/\/kastela.hr\/en\/2023\/02\/24\/program-proslave-dana-grada-kastela-2023\/"},"modified":"2024-08-29T10:47:36","modified_gmt":"2024-08-29T08:47:36","slug":"program-proslave-dana-grada-kastela-2023","status":"publish","type":"post","link":"https:\/\/kastela.hr\/en\/2023\/02\/24\/program-proslave-dana-grada-kastela-2023\/","title":{"rendered":"Program proslave Dana grada Ka\u0161tela 2023."},"content":{"rendered":"<p style=\"margin-bottom:16px; text-align:justify\"><span style=\"background:white\">Grad Ka\u0161tela i ove \u0107e godine nizom manifestacija obilje\u017eiti Dan grada. Program proslave obuhva\u0107a kulturne, sportske, protokolarne, obrazovne, rekreativne i ostale sadr\u017eaje. <\/span><\/p>\n<p style=\"margin-bottom:16px; text-align:justify\"><span style=\"background:white\">Ove godine, program zapo\u010dinje u ponedjeljak, 27. velja\u010de s po\u010detkom u 10 sati sve\u010danim prijemom najboljih vatrogasaca u Gradskoj vije\u0107nici, a nastavlja se u utorak, 28. velja\u010de u 11 sati m<span style=\"background:white\">anifestacijom &bdquo;Sa\u010duvajmo Bija\u0107e u 21. stolje\u0107u&ldquo; u Ka\u0161tel \u0160tafili\u0107u pred crkvicom Svete Marte.<\/span><\/span><\/p>\n<p style=\"margin-bottom:16px; text-align:justify\"><span style=\"background:white\">Dan grada Ka\u0161tela sve\u010dano se obilje\u017eava 4. o\u017eujka na dan ispisane povelje kneza Trpimira (852. god.), pravnog dokumenta tj. darovnice kojom je knez Trpimir splitskoj nadbiskupiji darovao crkvicu Svetog Jurja u Putalju. Darovnica je ispisana na latinskom jeziku u mjestu Bija\u0107i i to je prvi spomen hrvatskog imena uz titulu vladara u pisanom obliku, te predstavlja jedan od najva\u017enijih povijesnih dokumenata za povijest Hrvata.<\/span><\/p>\n<p style=\"margin-bottom:16px; text-align:justify\"><span style=\"background:white\">Program proslave zavr\u0161ava u nedjelju, 5. o\u017eujka 2023. godine, a cijeli program dostupan je u prilogu.<\/span><\/p>\n","protected":false},"excerpt":{"rendered":"<p>Grad Ka\u0161tela i ove \u0107e godine nizom manifestacija obilje\u017eiti Dan grada. Program proslave obuhva\u0107a kulturne, sportske, protokolarne, obrazovne, rekreativne i [&hellip;]<\/p>\n","protected":false},"author":7,"featured_media":2422,"comment_status":"closed","ping_status":"open","sticky":false,"template":"","format":"standard","meta":{"_acf_changed":false,"footnotes":""},"categories":[1],"tags":[],"class_list":["post-2421","post","type-post","status-publish","format-standard","has-post-thumbnail","hentry","category-novosti"],"acf":[],"_links":{"self":[{"href":"https:\/\/kastela.hr\/en\/wp-json\/wp\/v2\/posts\/2421","targetHints":{"allow":["GET"]}}],"collection":[{"href":"https:\/\/kastela.hr\/en\/wp-json\/wp\/v2\/posts"}],"about":[{"href":"https:\/\/kastela.hr\/en\/wp-json\/wp\/v2\/types\/post"}],"author":[{"embeddable":true,"href":"https:\/\/kastela.hr\/en\/wp-json\/wp\/v2\/users\/7"}],"replies":[{"embeddable":true,"href":"https:\/\/kastela.hr\/en\/wp-json\/wp\/v2\/comments?post=2421"}],"version-history":[{"count":1,"href":"https:\/\/kastela.hr\/en\/wp-json\/wp\/v2\/posts\/2421\/revisions"}],"predecessor-version":[{"id":4020,"href":"https:\/\/kastela.hr\/en\/wp-json\/wp\/v2\/posts\/2421\/revisions\/4020"}],"wp:featuredmedia":[{"embeddable":true,"href":"https:\/\/kastela.hr\/en\/wp-json\/wp\/v2\/media\/2422"}],"wp:attachment":[{"href":"https:\/\/kastela.hr\/en\/wp-json\/wp\/v2\/media?parent=2421"}],"wp:term":[{"taxonomy":"category","embeddable":true,"href":"https:\/\/kastela.hr\/en\/wp-json\/wp\/v2\/categories?post=2421"},{"taxonomy":"post_tag","embeddable":true,"href":"https:\/\/kastela.hr\/en\/wp-json\/wp\/v2\/tags?post=2421"}],"curies":[{"name":"wp","href":"https:\/\/api.w.org\/{rel}","templated":true}]}}