{"id":2401,"date":"2023-02-27T11:12:00","date_gmt":"2023-02-27T10:12:00","guid":{"rendered":"https:\/\/kastela.hr\/en\/2023\/02\/27\/odrzan-svecani-prijem-najboljih-vatrogasaca-2\/"},"modified":"2024-08-29T10:47:36","modified_gmt":"2024-08-29T08:47:36","slug":"odrzan-svecani-prijem-najboljih-vatrogasaca-2","status":"publish","type":"post","link":"https:\/\/kastela.hr\/en\/2023\/02\/27\/odrzan-svecani-prijem-najboljih-vatrogasaca-2\/","title":{"rendered":"Odr\u017ean sve\u010dani prijem najboljih vatrogasaca"},"content":{"rendered":"<p style=\"margin-bottom:16px; text-align:justify\"><span style=\"background:white\"><span style=\"background:white\">Uo\u010di Dana grada Ka\u0161tela tradicionalno se dodjeljuju priznanja najboljim ka\u0161telanskim vatrogascima u protekloj godini, a prema odluci njihovih mati\u010dnih dobrovoljnih vatrogasnih dru\u0161tava, najboljim vatrogascima progla\u0161eni su &nbsp;<strong>Ivana Borozan, Antonio Markovina i Petar Pleji\u0107.<\/strong><\/span><\/span><\/p>\n<p style=\"margin-bottom:16px; text-align:justify\"><span style=\"background:white\"><span style=\"background:white\"><strong>Ivana Borozan<\/strong> je pripadnica <strong>DVD-a Mladost<\/strong> i prva je \u017eena koja je dobila nagradu najboljeg vatrogasca u Ka\u0161telima jer je, jednostavno re\u010deno, bila najbolja od svih! Niz godina je pripadnica dobrovoljnog vatrogasnog dru\u0161tva Mladost, vatrogasna \u010dasnica, voditeljica djece od 6 do 12 godina, prvakinja Hrvatske u disciplini Fire Combat i \u010dlanica natjecateljske \u017eenske ekipe koja je predstavljala grad i \u017eupaniju na dr\u017eavnom natjecanju. Sa 13 intervencija i 34 sata na istima, Ivana je uistinu zaslu\u017eila ovu nagradu i ovim putem joj u ime svih \u010dlanova i \u010dlanica, \u010destitam na tome &ndash; kazao je <strong>Ljubi\u0161a Musinov<\/strong>, predsjednik vatrogasnog dru\u0161tva Mladost.<\/span><\/span><\/p>\n<p style=\"margin-bottom:16px; text-align:justify\"><span style=\"background:white\"><span style=\"background:white\"><strong>Antonio Markovina <\/strong>je pripadnik <strong>DVD-a Ka\u0161tel Gomilica<\/strong> koji je sa vi\u0161e desetaka intervencija i ne\u0161to manje od 60 sati terena u protekloj godini te sudjelovanjem i u brojnim drugim operativnim doga\u0111anjima i radu s najmla\u0111im \u010dlanovima dru\u0161tva, zaslu\u017eio nagradu najboljeg vatrogasca.<\/span><\/span><\/p>\n<p style=\"margin-bottom:16px; text-align:justify\"><span style=\"background:white\"><span style=\"background:white\"><strong>Petar Pleji\u0107 <\/strong>je pripadnik <strong>DVD-a Ka\u0161tela<\/strong> koji je drugu godinu zaredom &#8211; najbolji vatrogasac! Petar je u me\u0111uvremenu zavr\u0161io \u0161kolu za vatrogasce te postao profesionalni vatrogasac, a sa svoje 133 intervencije i 145 sati provedenih na istima u protekloj godini, zaslu\u017eio je naslov najboljeg vatrogasca!<\/span><\/span><\/p>\n<p style=\"margin-bottom:16px\"><span style=\"background:white\"><span style=\"background:white\">O njihovom radu i razlozima zbog \u010dega su izabrani za najbolje vatrogasce, na sve\u010danom prijemu u Gradskoj vije\u0107nici govorio je <b>Tomislav Vidi\u0107<\/b>, Predsjednik Vatrogasne zajednice grada Ka\u0161tela. Naglasio je da se Ka\u0161tela mogu ponositi svojim vatrogascima, posebice jer se radi o dobrovoljnima!<\/span><\/span><\/p>\n<p style=\"margin-bottom:16px\"><span style=\"background:white\"><span style=\"background:white\">Svim vatrogascima zahvalio je gradona\u010delnik <b>Denis Ivanovi\u0107<\/b>, naglasiv\u0161i kako su vatrogasci, kao desna ruka Grada, uvijek na raspolaganju gra\u0111anima, u svim situacijama, ne samo kod ga\u0161enja po\u017eara i spa\u0161avanja ve\u0107 i kod organizacija razli\u010ditih doga\u0111anja ili radova u prostoru. &nbsp;<\/span><\/span><\/p>\n<p style=\"margin-bottom:16px; text-align:justify\"><span style=\"background:white\"><span style=\"background:white\">Gradona\u010delnikovim \u010destitkama i zahvalama pridru\u017eile su se njegova zamjenica <b>Jadranka Matok-Bosan\u010di\u0107<\/b>&nbsp;i pro\u010delnica Upravnog odjela za dru\u0161tvene djelatnosti i zajedni\u010dke poslove <b>Antonia Kljai\u0107<\/b>.<\/span><\/span><\/p>\n<p style=\"margin-bottom:16px\"><span style=\"background:white\"><span style=\"background:white\">Nagra\u0111enim vatrogascima pripale su statue Sv. Florijana, za\u0161titnika vatrogasaca.<\/span><\/span><\/p>\n","protected":false},"excerpt":{"rendered":"<p>Uo\u010di Dana grada Ka\u0161tela tradicionalno se dodjeljuju priznanja najboljim ka\u0161telanskim vatrogascima u protekloj godini, a prema odluci njihovih mati\u010dnih dobrovoljnih [&hellip;]<\/p>\n","protected":false},"author":7,"featured_media":2402,"comment_status":"closed","ping_status":"open","sticky":false,"template":"","format":"standard","meta":{"_acf_changed":false,"footnotes":""},"categories":[1],"tags":[],"class_list":["post-2401","post","type-post","status-publish","format-standard","has-post-thumbnail","hentry","category-novosti"],"acf":[],"_links":{"self":[{"href":"https:\/\/kastela.hr\/en\/wp-json\/wp\/v2\/posts\/2401","targetHints":{"allow":["GET"]}}],"collection":[{"href":"https:\/\/kastela.hr\/en\/wp-json\/wp\/v2\/posts"}],"about":[{"href":"https:\/\/kastela.hr\/en\/wp-json\/wp\/v2\/types\/post"}],"author":[{"embeddable":true,"href":"https:\/\/kastela.hr\/en\/wp-json\/wp\/v2\/users\/7"}],"replies":[{"embeddable":true,"href":"https:\/\/kastela.hr\/en\/wp-json\/wp\/v2\/comments?post=2401"}],"version-history":[{"count":1,"href":"https:\/\/kastela.hr\/en\/wp-json\/wp\/v2\/posts\/2401\/revisions"}],"predecessor-version":[{"id":4019,"href":"https:\/\/kastela.hr\/en\/wp-json\/wp\/v2\/posts\/2401\/revisions\/4019"}],"wp:featuredmedia":[{"embeddable":true,"href":"https:\/\/kastela.hr\/en\/wp-json\/wp\/v2\/media\/2402"}],"wp:attachment":[{"href":"https:\/\/kastela.hr\/en\/wp-json\/wp\/v2\/media?parent=2401"}],"wp:term":[{"taxonomy":"category","embeddable":true,"href":"https:\/\/kastela.hr\/en\/wp-json\/wp\/v2\/categories?post=2401"},{"taxonomy":"post_tag","embeddable":true,"href":"https:\/\/kastela.hr\/en\/wp-json\/wp\/v2\/tags?post=2401"}],"curies":[{"name":"wp","href":"https:\/\/api.w.org\/{rel}","templated":true}]}}